{"id":3695,"date":"2023-07-08T16:32:01","date_gmt":"2023-07-08T16:32:01","guid":{"rendered":"https:\/\/juntosporquilmes.com.ar\/inicio\/?p=3695"},"modified":"2023-07-20T16:58:12","modified_gmt":"2023-07-20T16:58:12","slug":"un-sabado-a-pura-militancia-en-cada-punto-de-la-ciudad","status":"publish","type":"post","link":"https:\/\/juntosporquilmes.com.ar\/inicio\/2023\/07\/un-sabado-a-pura-militancia-en-cada-punto-de-la-ciudad\/","title":{"rendered":"UN S\u00c1BADO A PURA MILITANCIA EN CADA PUNTO DE LA CIUDAD"},"content":{"rendered":"\n<p>Integrantes del Frente de Agrupaciones Peronismo para Todos y del Espacio Abierto Juntos por Quilmes vivieron un s\u00e1bado a pura militancia en cada rinc\u00f3n del distrito. Dialogaron con los vecinos, escucharon sus inquietudes y les contaron sobre la importancia de continuar con el proyecto que inici\u00f3 la intendenta Mayra Mendoza en 2019.<\/p>\n\n\n\n<p>\u00abEn La Colonia estuvimos conversando con vecinos y vecinas, invit\u00e1ndolos a acompa\u00f1arnos el 13 de Agosto&#8230; Les contamos lo mucho que hicimos en estos 4 a\u00f1os y lo necesario que es para no interrumpir el crecimiento de Quilmes que\u00a0<a href=\"https:\/\/www.instagram.com\/mayrasolmendoza\/\">@mayrasolmendoza<\/a>\u00a0siga siendo Intendenta\u00bb, expresaron los militantes.<\/p>\n\n\n\n<figure class=\"wp-block-gallery has-nested-images columns-4 is-cropped wp-block-gallery-1 is-layout-flex wp-block-gallery-is-layout-flex\">\n<figure class=\"wp-block-image size-thumbnail\"><a href=\"https:\/\/juntosporquilmes.com.ar\/inicio\/2023\/07\/un-sabado-a-pura-militancia-en-cada-punto-de-la-ciudad\/358792644_809751694012515_6962211572547503436_n\/\" target=\"_blank\" rel=\"noopener\"><img decoding=\"async\" width=\"150\" height=\"150\" data-id=\"3733\" src=\"https:\/\/juntosporquilmes.com.ar\/inicio\/wp-content\/uploads\/2023\/07\/358792644_809751694012515_6962211572547503436_n-150x150.jpg\" alt=\"\" class=\"wp-image-3733\" srcset=\"https:\/\/juntosporquilmes.com.ar\/inicio\/wp-content\/uploads\/2023\/07\/358792644_809751694012515_6962211572547503436_n-150x150.jpg 150w, https:\/\/juntosporquilmes.com.ar\/inicio\/wp-content\/uploads\/2023\/07\/358792644_809751694012515_6962211572547503436_n-300x300.jpg 300w, https:\/\/juntosporquilmes.com.ar\/inicio\/wp-content\/uploads\/2023\/07\/358792644_809751694012515_6962211572547503436_n-768x768.jpg 768w, https:\/\/juntosporquilmes.com.ar\/inicio\/wp-content\/uploads\/2023\/07\/358792644_809751694012515_6962211572547503436_n.jpg 1022w\" sizes=\"(max-width: 150px) 100vw, 150px\" \/><\/a><\/figure>\n\n\n\n<figure class=\"wp-block-image size-thumbnail\"><a href=\"https:\/\/juntosporquilmes.com.ar\/inicio\/2023\/07\/un-sabado-a-pura-militancia-en-cada-punto-de-la-ciudad\/358350426_1291741031441484_2250987293784514383_n\/\" target=\"_blank\" rel=\"noopener\"><img decoding=\"async\" width=\"150\" height=\"150\" data-id=\"3731\" src=\"https:\/\/juntosporquilmes.com.ar\/inicio\/wp-content\/uploads\/2023\/07\/358350426_1291741031441484_2250987293784514383_n-150x150.jpg\" alt=\"\" class=\"wp-image-3731\" srcset=\"https:\/\/juntosporquilmes.com.ar\/inicio\/wp-content\/uploads\/2023\/07\/358350426_1291741031441484_2250987293784514383_n-150x150.jpg 150w, https:\/\/juntosporquilmes.com.ar\/inicio\/wp-content\/uploads\/2023\/07\/358350426_1291741031441484_2250987293784514383_n-300x300.jpg 300w, https:\/\/juntosporquilmes.com.ar\/inicio\/wp-content\/uploads\/2023\/07\/358350426_1291741031441484_2250987293784514383_n-768x768.jpg 768w, https:\/\/juntosporquilmes.com.ar\/inicio\/wp-content\/uploads\/2023\/07\/358350426_1291741031441484_2250987293784514383_n.jpg 866w\" sizes=\"(max-width: 150px) 100vw, 150px\" \/><\/a><\/figure>\n\n\n\n<figure class=\"wp-block-image size-thumbnail\"><a href=\"https:\/\/juntosporquilmes.com.ar\/inicio\/2023\/07\/un-sabado-a-pura-militancia-en-cada-punto-de-la-ciudad\/358535102_1517566695720962_6596982856730675262_n\/\" target=\"_blank\" rel=\"noopener\"><img decoding=\"async\" width=\"150\" height=\"150\" data-id=\"3732\" src=\"https:\/\/juntosporquilmes.com.ar\/inicio\/wp-content\/uploads\/2023\/07\/358535102_1517566695720962_6596982856730675262_n-150x150.jpg\" alt=\"\" class=\"wp-image-3732\" srcset=\"https:\/\/juntosporquilmes.com.ar\/inicio\/wp-content\/uploads\/2023\/07\/358535102_1517566695720962_6596982856730675262_n-150x150.jpg 150w, https:\/\/juntosporquilmes.com.ar\/inicio\/wp-content\/uploads\/2023\/07\/358535102_1517566695720962_6596982856730675262_n-300x300.jpg 300w, https:\/\/juntosporquilmes.com.ar\/inicio\/wp-content\/uploads\/2023\/07\/358535102_1517566695720962_6596982856730675262_n-768x768.jpg 768w, https:\/\/juntosporquilmes.com.ar\/inicio\/wp-content\/uploads\/2023\/07\/358535102_1517566695720962_6596982856730675262_n.jpg 1023w\" sizes=\"(max-width: 150px) 100vw, 150px\" \/><\/a><\/figure>\n\n\n\n<figure class=\"wp-block-image size-thumbnail\"><a href=\"https:\/\/juntosporquilmes.com.ar\/inicio\/2023\/07\/un-sabado-a-pura-militancia-en-cada-punto-de-la-ciudad\/358516673_970925354112726_693884144336123679_n\/\" target=\"_blank\" rel=\"noopener\"><img loading=\"lazy\" decoding=\"async\" width=\"150\" height=\"150\" data-id=\"3730\" src=\"https:\/\/juntosporquilmes.com.ar\/inicio\/wp-content\/uploads\/2023\/07\/358516673_970925354112726_693884144336123679_n-150x150.jpg\" alt=\"\" class=\"wp-image-3730\" srcset=\"https:\/\/juntosporquilmes.com.ar\/inicio\/wp-content\/uploads\/2023\/07\/358516673_970925354112726_693884144336123679_n-150x150.jpg 150w, https:\/\/juntosporquilmes.com.ar\/inicio\/wp-content\/uploads\/2023\/07\/358516673_970925354112726_693884144336123679_n-300x300.jpg 300w, https:\/\/juntosporquilmes.com.ar\/inicio\/wp-content\/uploads\/2023\/07\/358516673_970925354112726_693884144336123679_n.jpg 380w\" sizes=\"(max-width: 150px) 100vw, 150px\" \/><\/a><\/figure>\n<\/figure>\n\n\n\n<p>Por otra parte, en Quilmes Oeste los militantes hablaron con vecinas y vecinos, escucharon sus inquietudes y tambi\u00e9n los invitaron a acompa\u00f1ar a Uni\u00f3n por la Patria para no frenar la transformaci\u00f3n que se inici\u00f3 en 2019 con\u00a0<a href=\"https:\/\/www.instagram.com\/mayrasolmendoza\/\">@mayrasolmendoza<\/a>\u00a0intendenta.<\/p>\n\n\n\n<figure class=\"wp-block-gallery has-nested-images columns-5 is-cropped wp-block-gallery-2 is-layout-flex wp-block-gallery-is-layout-flex\">\n<figure class=\"wp-block-image size-thumbnail\"><a href=\"https:\/\/juntosporquilmes.com.ar\/inicio\/2023\/07\/un-sabado-a-pura-militancia-en-cada-punto-de-la-ciudad\/358337722_1020204976079412_2670738141209253081_n\/\" target=\"_blank\" rel=\"noopener\"><img loading=\"lazy\" decoding=\"async\" width=\"150\" height=\"150\" data-id=\"3724\" src=\"https:\/\/juntosporquilmes.com.ar\/inicio\/wp-content\/uploads\/2023\/07\/358337722_1020204976079412_2670738141209253081_n-150x150.jpg\" alt=\"\" class=\"wp-image-3724\" srcset=\"https:\/\/juntosporquilmes.com.ar\/inicio\/wp-content\/uploads\/2023\/07\/358337722_1020204976079412_2670738141209253081_n-150x150.jpg 150w, https:\/\/juntosporquilmes.com.ar\/inicio\/wp-content\/uploads\/2023\/07\/358337722_1020204976079412_2670738141209253081_n-300x300.jpg 300w, https:\/\/juntosporquilmes.com.ar\/inicio\/wp-content\/uploads\/2023\/07\/358337722_1020204976079412_2670738141209253081_n-768x768.jpg 768w, https:\/\/juntosporquilmes.com.ar\/inicio\/wp-content\/uploads\/2023\/07\/358337722_1020204976079412_2670738141209253081_n.jpg 960w\" sizes=\"(max-width: 150px) 100vw, 150px\" \/><\/a><\/figure>\n\n\n\n<figure class=\"wp-block-image size-thumbnail\"><a href=\"https:\/\/juntosporquilmes.com.ar\/inicio\/2023\/07\/un-sabado-a-pura-militancia-en-cada-punto-de-la-ciudad\/358792493_177589811819782_1417899810889303191_n\/\" target=\"_blank\" rel=\"noopener\"><img loading=\"lazy\" decoding=\"async\" width=\"150\" height=\"150\" data-id=\"3725\" src=\"https:\/\/juntosporquilmes.com.ar\/inicio\/wp-content\/uploads\/2023\/07\/358792493_177589811819782_1417899810889303191_n-150x150.jpg\" alt=\"\" class=\"wp-image-3725\" srcset=\"https:\/\/juntosporquilmes.com.ar\/inicio\/wp-content\/uploads\/2023\/07\/358792493_177589811819782_1417899810889303191_n-150x150.jpg 150w, https:\/\/juntosporquilmes.com.ar\/inicio\/wp-content\/uploads\/2023\/07\/358792493_177589811819782_1417899810889303191_n-300x300.jpg 300w, https:\/\/juntosporquilmes.com.ar\/inicio\/wp-content\/uploads\/2023\/07\/358792493_177589811819782_1417899810889303191_n.jpg 743w\" sizes=\"(max-width: 150px) 100vw, 150px\" \/><\/a><\/figure>\n\n\n\n<figure class=\"wp-block-image size-thumbnail\"><a href=\"https:\/\/juntosporquilmes.com.ar\/inicio\/2023\/07\/un-sabado-a-pura-militancia-en-cada-punto-de-la-ciudad\/358525143_1305912897027629_1653887525847932807_n\/\" target=\"_blank\" rel=\"noopener\"><img loading=\"lazy\" decoding=\"async\" width=\"150\" height=\"150\" data-id=\"3727\" src=\"https:\/\/juntosporquilmes.com.ar\/inicio\/wp-content\/uploads\/2023\/07\/358525143_1305912897027629_1653887525847932807_n-150x150.jpg\" alt=\"\" class=\"wp-image-3727\" srcset=\"https:\/\/juntosporquilmes.com.ar\/inicio\/wp-content\/uploads\/2023\/07\/358525143_1305912897027629_1653887525847932807_n-150x150.jpg 150w, https:\/\/juntosporquilmes.com.ar\/inicio\/wp-content\/uploads\/2023\/07\/358525143_1305912897027629_1653887525847932807_n-300x300.jpg 300w, https:\/\/juntosporquilmes.com.ar\/inicio\/wp-content\/uploads\/2023\/07\/358525143_1305912897027629_1653887525847932807_n-1024x1024.jpg 1024w, https:\/\/juntosporquilmes.com.ar\/inicio\/wp-content\/uploads\/2023\/07\/358525143_1305912897027629_1653887525847932807_n-768x768.jpg 768w, https:\/\/juntosporquilmes.com.ar\/inicio\/wp-content\/uploads\/2023\/07\/358525143_1305912897027629_1653887525847932807_n.jpg 1068w\" sizes=\"(max-width: 150px) 100vw, 150px\" \/><\/a><\/figure>\n\n\n\n<figure class=\"wp-block-image size-thumbnail\"><a href=\"https:\/\/juntosporquilmes.com.ar\/inicio\/2023\/07\/un-sabado-a-pura-militancia-en-cada-punto-de-la-ciudad\/358337165_627824195961794_1725473524689242942_n\/\" target=\"_blank\" rel=\"noopener\"><img loading=\"lazy\" decoding=\"async\" width=\"150\" height=\"150\" data-id=\"3726\" src=\"https:\/\/juntosporquilmes.com.ar\/inicio\/wp-content\/uploads\/2023\/07\/358337165_627824195961794_1725473524689242942_n-150x150.jpg\" alt=\"\" class=\"wp-image-3726\" srcset=\"https:\/\/juntosporquilmes.com.ar\/inicio\/wp-content\/uploads\/2023\/07\/358337165_627824195961794_1725473524689242942_n-150x150.jpg 150w, https:\/\/juntosporquilmes.com.ar\/inicio\/wp-content\/uploads\/2023\/07\/358337165_627824195961794_1725473524689242942_n-300x300.jpg 300w, https:\/\/juntosporquilmes.com.ar\/inicio\/wp-content\/uploads\/2023\/07\/358337165_627824195961794_1725473524689242942_n.jpg 641w\" sizes=\"(max-width: 150px) 100vw, 150px\" \/><\/a><\/figure>\n\n\n\n<figure class=\"wp-block-image size-thumbnail\"><a href=\"https:\/\/juntosporquilmes.com.ar\/inicio\/2023\/07\/un-sabado-a-pura-militancia-en-cada-punto-de-la-ciudad\/358352193_971275650792687_7018550681796170686_n\/\" target=\"_blank\" rel=\"noopener\"><img loading=\"lazy\" decoding=\"async\" width=\"150\" height=\"150\" data-id=\"3723\" src=\"https:\/\/juntosporquilmes.com.ar\/inicio\/wp-content\/uploads\/2023\/07\/358352193_971275650792687_7018550681796170686_n-150x150.jpg\" alt=\"\" class=\"wp-image-3723\" srcset=\"https:\/\/juntosporquilmes.com.ar\/inicio\/wp-content\/uploads\/2023\/07\/358352193_971275650792687_7018550681796170686_n-150x150.jpg 150w, https:\/\/juntosporquilmes.com.ar\/inicio\/wp-content\/uploads\/2023\/07\/358352193_971275650792687_7018550681796170686_n-300x300.jpg 300w, https:\/\/juntosporquilmes.com.ar\/inicio\/wp-content\/uploads\/2023\/07\/358352193_971275650792687_7018550681796170686_n.jpg 720w\" sizes=\"(max-width: 150px) 100vw, 150px\" \/><\/a><\/figure>\n<\/figure>\n\n\n\n<p>En La Paz, los integrantes del Frente de Agrupaciones Peronismo para Todos y del Espacio Abierto Juntos por Quilmes estuveron hablando con vecinos y vecinas, contando lo que se hizo desde el gobierno municipal y explicando por qu\u00e9 necesitamos que\u00a0<a href=\"https:\/\/www.instagram.com\/mayrasolmendoza\/\">@mayrasolmendoza<\/a>\u00a0siga siendo Intendenta entre 2023-2027.<\/p>\n\n\n\n<figure class=\"wp-block-gallery has-nested-images columns-4 is-cropped wp-block-gallery-3 is-layout-flex wp-block-gallery-is-layout-flex\">\n<figure class=\"wp-block-image size-thumbnail\"><a href=\"https:\/\/juntosporquilmes.com.ar\/inicio\/2023\/07\/un-sabado-a-pura-militancia-en-cada-punto-de-la-ciudad\/358175090_642406441149228_6575444027352415051_n\/\" target=\"_blank\" rel=\"noopener\"><img loading=\"lazy\" decoding=\"async\" width=\"150\" height=\"150\" data-id=\"3719\" src=\"https:\/\/juntosporquilmes.com.ar\/inicio\/wp-content\/uploads\/2023\/07\/358175090_642406441149228_6575444027352415051_n-150x150.jpg\" alt=\"\" class=\"wp-image-3719\" srcset=\"https:\/\/juntosporquilmes.com.ar\/inicio\/wp-content\/uploads\/2023\/07\/358175090_642406441149228_6575444027352415051_n-150x150.jpg 150w, https:\/\/juntosporquilmes.com.ar\/inicio\/wp-content\/uploads\/2023\/07\/358175090_642406441149228_6575444027352415051_n-300x300.jpg 300w, https:\/\/juntosporquilmes.com.ar\/inicio\/wp-content\/uploads\/2023\/07\/358175090_642406441149228_6575444027352415051_n-768x768.jpg 768w, https:\/\/juntosporquilmes.com.ar\/inicio\/wp-content\/uploads\/2023\/07\/358175090_642406441149228_6575444027352415051_n.jpg 960w\" sizes=\"(max-width: 150px) 100vw, 150px\" \/><\/a><\/figure>\n\n\n\n<figure class=\"wp-block-image size-thumbnail\"><a href=\"https:\/\/juntosporquilmes.com.ar\/inicio\/2023\/07\/un-sabado-a-pura-militancia-en-cada-punto-de-la-ciudad\/358335276_202878589406211_9081439181047025169_n\/\" target=\"_blank\" rel=\"noopener\"><img loading=\"lazy\" decoding=\"async\" width=\"150\" height=\"150\" data-id=\"3722\" src=\"https:\/\/juntosporquilmes.com.ar\/inicio\/wp-content\/uploads\/2023\/07\/358335276_202878589406211_9081439181047025169_n-150x150.jpg\" alt=\"\" class=\"wp-image-3722\" srcset=\"https:\/\/juntosporquilmes.com.ar\/inicio\/wp-content\/uploads\/2023\/07\/358335276_202878589406211_9081439181047025169_n-150x150.jpg 150w, https:\/\/juntosporquilmes.com.ar\/inicio\/wp-content\/uploads\/2023\/07\/358335276_202878589406211_9081439181047025169_n-300x300.jpg 300w, https:\/\/juntosporquilmes.com.ar\/inicio\/wp-content\/uploads\/2023\/07\/358335276_202878589406211_9081439181047025169_n.jpg 624w\" sizes=\"(max-width: 150px) 100vw, 150px\" \/><\/a><\/figure>\n\n\n\n<figure class=\"wp-block-image size-thumbnail\"><a href=\"https:\/\/juntosporquilmes.com.ar\/inicio\/2023\/07\/un-sabado-a-pura-militancia-en-cada-punto-de-la-ciudad\/358508705_290211290077624_7443082011193576625_n\/\" target=\"_blank\" rel=\"noopener\"><img loading=\"lazy\" decoding=\"async\" width=\"150\" height=\"150\" data-id=\"3721\" src=\"https:\/\/juntosporquilmes.com.ar\/inicio\/wp-content\/uploads\/2023\/07\/358508705_290211290077624_7443082011193576625_n-150x150.jpg\" alt=\"\" class=\"wp-image-3721\" srcset=\"https:\/\/juntosporquilmes.com.ar\/inicio\/wp-content\/uploads\/2023\/07\/358508705_290211290077624_7443082011193576625_n-150x150.jpg 150w, https:\/\/juntosporquilmes.com.ar\/inicio\/wp-content\/uploads\/2023\/07\/358508705_290211290077624_7443082011193576625_n-300x300.jpg 300w, https:\/\/juntosporquilmes.com.ar\/inicio\/wp-content\/uploads\/2023\/07\/358508705_290211290077624_7443082011193576625_n-768x768.jpg 768w, https:\/\/juntosporquilmes.com.ar\/inicio\/wp-content\/uploads\/2023\/07\/358508705_290211290077624_7443082011193576625_n.jpg 960w\" sizes=\"(max-width: 150px) 100vw, 150px\" \/><\/a><\/figure>\n\n\n\n<figure class=\"wp-block-image size-thumbnail\"><a href=\"https:\/\/juntosporquilmes.com.ar\/inicio\/2023\/07\/un-sabado-a-pura-militancia-en-cada-punto-de-la-ciudad\/358523465_1139861170063847_1927411345332750209_n\/\" target=\"_blank\" rel=\"noopener\"><img loading=\"lazy\" decoding=\"async\" width=\"150\" height=\"150\" data-id=\"3720\" src=\"https:\/\/juntosporquilmes.com.ar\/inicio\/wp-content\/uploads\/2023\/07\/358523465_1139861170063847_1927411345332750209_n-150x150.jpg\" alt=\"\" class=\"wp-image-3720\" srcset=\"https:\/\/juntosporquilmes.com.ar\/inicio\/wp-content\/uploads\/2023\/07\/358523465_1139861170063847_1927411345332750209_n-150x150.jpg 150w, https:\/\/juntosporquilmes.com.ar\/inicio\/wp-content\/uploads\/2023\/07\/358523465_1139861170063847_1927411345332750209_n-300x300.jpg 300w, https:\/\/juntosporquilmes.com.ar\/inicio\/wp-content\/uploads\/2023\/07\/358523465_1139861170063847_1927411345332750209_n-768x768.jpg 768w, https:\/\/juntosporquilmes.com.ar\/inicio\/wp-content\/uploads\/2023\/07\/358523465_1139861170063847_1927411345332750209_n.jpg 912w\" sizes=\"(max-width: 150px) 100vw, 150px\" \/><\/a><\/figure>\n<\/figure>\n\n\n\n<p>En La Florida, desde el local partidario ubicado en 844 y 884, en las mesas y casa por casa, en cada lugar, difundiendo todo lo que se hizo para tener un Quilmes mejor.<\/p>\n\n\n\n<figure class=\"wp-block-gallery has-nested-images columns-5 is-cropped wp-block-gallery-4 is-layout-flex wp-block-gallery-is-layout-flex\">\n<figure class=\"wp-block-image size-thumbnail\"><a href=\"https:\/\/juntosporquilmes.com.ar\/inicio\/wp-content\/uploads\/2023\/07\/358346581_655415989471865_1896936199717069452_n.jpg\" target=\"_blank\" rel=\"noopener\"><img loading=\"lazy\" decoding=\"async\" width=\"150\" height=\"150\" data-id=\"3712\" src=\"https:\/\/juntosporquilmes.com.ar\/inicio\/wp-content\/uploads\/2023\/07\/358346581_655415989471865_1896936199717069452_n-150x150.jpg\" alt=\"\" class=\"wp-image-3712\" srcset=\"https:\/\/juntosporquilmes.com.ar\/inicio\/wp-content\/uploads\/2023\/07\/358346581_655415989471865_1896936199717069452_n-150x150.jpg 150w, https:\/\/juntosporquilmes.com.ar\/inicio\/wp-content\/uploads\/2023\/07\/358346581_655415989471865_1896936199717069452_n-300x300.jpg 300w, https:\/\/juntosporquilmes.com.ar\/inicio\/wp-content\/uploads\/2023\/07\/358346581_655415989471865_1896936199717069452_n-768x768.jpg 768w, https:\/\/juntosporquilmes.com.ar\/inicio\/wp-content\/uploads\/2023\/07\/358346581_655415989471865_1896936199717069452_n.jpg 963w\" sizes=\"(max-width: 150px) 100vw, 150px\" \/><\/a><\/figure>\n\n\n\n<figure class=\"wp-block-image size-thumbnail\"><a href=\"https:\/\/juntosporquilmes.com.ar\/inicio\/wp-content\/uploads\/2023\/07\/358379315_663978492283437_4209590355419660313_n.jpg\" target=\"_blank\" rel=\"noopener\"><img loading=\"lazy\" decoding=\"async\" width=\"150\" height=\"150\" data-id=\"3713\" src=\"https:\/\/juntosporquilmes.com.ar\/inicio\/wp-content\/uploads\/2023\/07\/358379315_663978492283437_4209590355419660313_n-150x150.jpg\" alt=\"\" class=\"wp-image-3713\" srcset=\"https:\/\/juntosporquilmes.com.ar\/inicio\/wp-content\/uploads\/2023\/07\/358379315_663978492283437_4209590355419660313_n-150x150.jpg 150w, https:\/\/juntosporquilmes.com.ar\/inicio\/wp-content\/uploads\/2023\/07\/358379315_663978492283437_4209590355419660313_n-300x300.jpg 300w, https:\/\/juntosporquilmes.com.ar\/inicio\/wp-content\/uploads\/2023\/07\/358379315_663978492283437_4209590355419660313_n.jpg 575w\" sizes=\"(max-width: 150px) 100vw, 150px\" \/><\/a><\/figure>\n\n\n\n<figure class=\"wp-block-image size-thumbnail\"><a href=\"https:\/\/juntosporquilmes.com.ar\/inicio\/wp-content\/uploads\/2023\/07\/358344276_1253390741974780_8660177421299892771_n.jpg\" target=\"_blank\" rel=\"noopener\"><img loading=\"lazy\" decoding=\"async\" width=\"150\" height=\"150\" data-id=\"3714\" src=\"https:\/\/juntosporquilmes.com.ar\/inicio\/wp-content\/uploads\/2023\/07\/358344276_1253390741974780_8660177421299892771_n-150x150.jpg\" alt=\"\" class=\"wp-image-3714\" srcset=\"https:\/\/juntosporquilmes.com.ar\/inicio\/wp-content\/uploads\/2023\/07\/358344276_1253390741974780_8660177421299892771_n-150x150.jpg 150w, https:\/\/juntosporquilmes.com.ar\/inicio\/wp-content\/uploads\/2023\/07\/358344276_1253390741974780_8660177421299892771_n-300x300.jpg 300w, https:\/\/juntosporquilmes.com.ar\/inicio\/wp-content\/uploads\/2023\/07\/358344276_1253390741974780_8660177421299892771_n-1024x1024.jpg 1024w, https:\/\/juntosporquilmes.com.ar\/inicio\/wp-content\/uploads\/2023\/07\/358344276_1253390741974780_8660177421299892771_n-768x768.jpg 768w, https:\/\/juntosporquilmes.com.ar\/inicio\/wp-content\/uploads\/2023\/07\/358344276_1253390741974780_8660177421299892771_n.jpg 1080w\" sizes=\"(max-width: 150px) 100vw, 150px\" \/><\/a><\/figure>\n\n\n\n<figure class=\"wp-block-image size-thumbnail\"><a href=\"https:\/\/juntosporquilmes.com.ar\/inicio\/wp-content\/uploads\/2023\/07\/358532852_2180987988766486_7065023084514454991_n.jpg\" target=\"_blank\" rel=\"noopener\"><img loading=\"lazy\" decoding=\"async\" width=\"150\" height=\"150\" data-id=\"3715\" src=\"https:\/\/juntosporquilmes.com.ar\/inicio\/wp-content\/uploads\/2023\/07\/358532852_2180987988766486_7065023084514454991_n-150x150.jpg\" alt=\"\" class=\"wp-image-3715\" srcset=\"https:\/\/juntosporquilmes.com.ar\/inicio\/wp-content\/uploads\/2023\/07\/358532852_2180987988766486_7065023084514454991_n-150x150.jpg 150w, https:\/\/juntosporquilmes.com.ar\/inicio\/wp-content\/uploads\/2023\/07\/358532852_2180987988766486_7065023084514454991_n-300x300.jpg 300w, https:\/\/juntosporquilmes.com.ar\/inicio\/wp-content\/uploads\/2023\/07\/358532852_2180987988766486_7065023084514454991_n-768x768.jpg 768w, https:\/\/juntosporquilmes.com.ar\/inicio\/wp-content\/uploads\/2023\/07\/358532852_2180987988766486_7065023084514454991_n.jpg 913w\" sizes=\"(max-width: 150px) 100vw, 150px\" \/><\/a><\/figure>\n\n\n\n<figure class=\"wp-block-image size-thumbnail\"><a href=\"https:\/\/juntosporquilmes.com.ar\/inicio\/wp-content\/uploads\/2023\/07\/358182049_288845670342197_2608014818267501099_n.jpg\" target=\"_blank\" rel=\"noopener\"><img loading=\"lazy\" decoding=\"async\" width=\"150\" height=\"150\" data-id=\"3716\" src=\"https:\/\/juntosporquilmes.com.ar\/inicio\/wp-content\/uploads\/2023\/07\/358182049_288845670342197_2608014818267501099_n-150x150.jpg\" alt=\"\" class=\"wp-image-3716\" srcset=\"https:\/\/juntosporquilmes.com.ar\/inicio\/wp-content\/uploads\/2023\/07\/358182049_288845670342197_2608014818267501099_n-150x150.jpg 150w, https:\/\/juntosporquilmes.com.ar\/inicio\/wp-content\/uploads\/2023\/07\/358182049_288845670342197_2608014818267501099_n-300x300.jpg 300w, https:\/\/juntosporquilmes.com.ar\/inicio\/wp-content\/uploads\/2023\/07\/358182049_288845670342197_2608014818267501099_n-1024x1024.jpg 1024w, https:\/\/juntosporquilmes.com.ar\/inicio\/wp-content\/uploads\/2023\/07\/358182049_288845670342197_2608014818267501099_n-768x768.jpg 768w, https:\/\/juntosporquilmes.com.ar\/inicio\/wp-content\/uploads\/2023\/07\/358182049_288845670342197_2608014818267501099_n.jpg 1080w\" sizes=\"(max-width: 150px) 100vw, 150px\" \/><\/a><\/figure>\n<\/figure>\n\n\n\n<p>En Ezpeleta, casa por casa. Vecino por vecino. \u00abPorque queremos seguir construyendo un Quilmes para todos y todas\u00bb, se expresaron los militantes.<\/p>\n\n\n\n<figure class=\"wp-block-gallery has-nested-images columns-4 is-cropped wp-block-gallery-5 is-layout-flex wp-block-gallery-is-layout-flex\">\n<figure class=\"wp-block-image size-thumbnail\"><a href=\"https:\/\/juntosporquilmes.com.ar\/inicio\/2023\/07\/un-sabado-a-pura-militancia-en-cada-punto-de-la-ciudad\/358783876_771845034622721_4035774074386603056_n\/\" target=\"_blank\" rel=\"noopener\"><img loading=\"lazy\" decoding=\"async\" width=\"150\" height=\"150\" data-id=\"3707\" src=\"https:\/\/juntosporquilmes.com.ar\/inicio\/wp-content\/uploads\/2023\/07\/358783876_771845034622721_4035774074386603056_n-150x150.jpg\" alt=\"\" class=\"wp-image-3707\" srcset=\"https:\/\/juntosporquilmes.com.ar\/inicio\/wp-content\/uploads\/2023\/07\/358783876_771845034622721_4035774074386603056_n-150x150.jpg 150w, https:\/\/juntosporquilmes.com.ar\/inicio\/wp-content\/uploads\/2023\/07\/358783876_771845034622721_4035774074386603056_n-300x300.jpg 300w, https:\/\/juntosporquilmes.com.ar\/inicio\/wp-content\/uploads\/2023\/07\/358783876_771845034622721_4035774074386603056_n-768x768.jpg 768w, https:\/\/juntosporquilmes.com.ar\/inicio\/wp-content\/uploads\/2023\/07\/358783876_771845034622721_4035774074386603056_n.jpg 865w\" sizes=\"(max-width: 150px) 100vw, 150px\" \/><\/a><\/figure>\n\n\n\n<figure class=\"wp-block-image size-thumbnail\"><a href=\"https:\/\/juntosporquilmes.com.ar\/inicio\/2023\/07\/un-sabado-a-pura-militancia-en-cada-punto-de-la-ciudad\/358346071_1281280832759313_2772146360240236890_n\/\" target=\"_blank\" rel=\"noopener\"><img loading=\"lazy\" decoding=\"async\" width=\"150\" height=\"150\" data-id=\"3708\" src=\"https:\/\/juntosporquilmes.com.ar\/inicio\/wp-content\/uploads\/2023\/07\/358346071_1281280832759313_2772146360240236890_n-150x150.jpg\" alt=\"\" class=\"wp-image-3708\" srcset=\"https:\/\/juntosporquilmes.com.ar\/inicio\/wp-content\/uploads\/2023\/07\/358346071_1281280832759313_2772146360240236890_n-150x150.jpg 150w, https:\/\/juntosporquilmes.com.ar\/inicio\/wp-content\/uploads\/2023\/07\/358346071_1281280832759313_2772146360240236890_n-300x300.jpg 300w, https:\/\/juntosporquilmes.com.ar\/inicio\/wp-content\/uploads\/2023\/07\/358346071_1281280832759313_2772146360240236890_n-1024x1024.jpg 1024w, https:\/\/juntosporquilmes.com.ar\/inicio\/wp-content\/uploads\/2023\/07\/358346071_1281280832759313_2772146360240236890_n-768x768.jpg 768w, https:\/\/juntosporquilmes.com.ar\/inicio\/wp-content\/uploads\/2023\/07\/358346071_1281280832759313_2772146360240236890_n.jpg 1080w\" sizes=\"(max-width: 150px) 100vw, 150px\" \/><\/a><\/figure>\n\n\n\n<figure class=\"wp-block-image size-thumbnail\"><a href=\"https:\/\/juntosporquilmes.com.ar\/inicio\/2023\/07\/un-sabado-a-pura-militancia-en-cada-punto-de-la-ciudad\/358514699_291230040021156_278972851581093576_n\/\" target=\"_blank\" rel=\"noopener\"><img loading=\"lazy\" decoding=\"async\" width=\"150\" height=\"150\" data-id=\"3709\" src=\"https:\/\/juntosporquilmes.com.ar\/inicio\/wp-content\/uploads\/2023\/07\/358514699_291230040021156_278972851581093576_n-150x150.jpg\" alt=\"\" class=\"wp-image-3709\" srcset=\"https:\/\/juntosporquilmes.com.ar\/inicio\/wp-content\/uploads\/2023\/07\/358514699_291230040021156_278972851581093576_n-150x150.jpg 150w, https:\/\/juntosporquilmes.com.ar\/inicio\/wp-content\/uploads\/2023\/07\/358514699_291230040021156_278972851581093576_n-300x300.jpg 300w, https:\/\/juntosporquilmes.com.ar\/inicio\/wp-content\/uploads\/2023\/07\/358514699_291230040021156_278972851581093576_n-768x768.jpg 768w, https:\/\/juntosporquilmes.com.ar\/inicio\/wp-content\/uploads\/2023\/07\/358514699_291230040021156_278972851581093576_n.jpg 841w\" sizes=\"(max-width: 150px) 100vw, 150px\" \/><\/a><\/figure>\n\n\n\n<figure class=\"wp-block-image size-thumbnail\"><a href=\"https:\/\/juntosporquilmes.com.ar\/inicio\/2023\/07\/un-sabado-a-pura-militancia-en-cada-punto-de-la-ciudad\/358390434_3764091000484784_7853880456189326861_n\/\" target=\"_blank\" rel=\"noopener\"><img loading=\"lazy\" decoding=\"async\" width=\"150\" height=\"150\" data-id=\"3706\" src=\"https:\/\/juntosporquilmes.com.ar\/inicio\/wp-content\/uploads\/2023\/07\/358390434_3764091000484784_7853880456189326861_n-150x150.jpg\" alt=\"\" class=\"wp-image-3706\" srcset=\"https:\/\/juntosporquilmes.com.ar\/inicio\/wp-content\/uploads\/2023\/07\/358390434_3764091000484784_7853880456189326861_n-150x150.jpg 150w, https:\/\/juntosporquilmes.com.ar\/inicio\/wp-content\/uploads\/2023\/07\/358390434_3764091000484784_7853880456189326861_n-300x300.jpg 300w, https:\/\/juntosporquilmes.com.ar\/inicio\/wp-content\/uploads\/2023\/07\/358390434_3764091000484784_7853880456189326861_n.jpg 514w\" sizes=\"(max-width: 150px) 100vw, 150px\" \/><\/a><\/figure>\n<\/figure>\n\n\n\n<p>En Don Bosco, tambi\u00e9n se llev\u00f3 adelante una jornada de militancia por\u00a0<a href=\"https:\/\/www.instagram.com\/mayrasolmendoza\/\">@mayrasolmendoza<\/a>\u00a02023. \u00abAll\u00ed hablamos con los vecinos y vecinas para contarles lo mucho que hicimos y todo lo que viene\u00bb, destacaron.<\/p>\n\n\n\n<figure class=\"wp-block-gallery has-nested-images columns-4 is-cropped wp-block-gallery-6 is-layout-flex wp-block-gallery-is-layout-flex\">\n<figure class=\"wp-block-image size-thumbnail\"><a href=\"https:\/\/juntosporquilmes.com.ar\/inicio\/2023\/07\/un-sabado-a-pura-militancia-en-cada-punto-de-la-ciudad\/358513323_679622867515961_5140072109830811513_n\/\" target=\"_blank\" rel=\"noopener\"><img loading=\"lazy\" decoding=\"async\" width=\"150\" height=\"150\" data-id=\"3699\" src=\"https:\/\/juntosporquilmes.com.ar\/inicio\/wp-content\/uploads\/2023\/07\/358513323_679622867515961_5140072109830811513_n-150x150.jpg\" alt=\"\" class=\"wp-image-3699\" srcset=\"https:\/\/juntosporquilmes.com.ar\/inicio\/wp-content\/uploads\/2023\/07\/358513323_679622867515961_5140072109830811513_n-150x150.jpg 150w, https:\/\/juntosporquilmes.com.ar\/inicio\/wp-content\/uploads\/2023\/07\/358513323_679622867515961_5140072109830811513_n-300x300.jpg 300w, https:\/\/juntosporquilmes.com.ar\/inicio\/wp-content\/uploads\/2023\/07\/358513323_679622867515961_5140072109830811513_n-768x768.jpg 768w, https:\/\/juntosporquilmes.com.ar\/inicio\/wp-content\/uploads\/2023\/07\/358513323_679622867515961_5140072109830811513_n.jpg 1014w\" sizes=\"(max-width: 150px) 100vw, 150px\" \/><\/a><\/figure>\n\n\n\n<figure class=\"wp-block-image size-thumbnail\"><a href=\"https:\/\/juntosporquilmes.com.ar\/inicio\/2023\/07\/un-sabado-a-pura-militancia-en-cada-punto-de-la-ciudad\/358352276_589445113366928_3466961124523206439_n-1\/\" target=\"_blank\" rel=\"noopener\"><img loading=\"lazy\" decoding=\"async\" width=\"150\" height=\"150\" data-id=\"3700\" src=\"https:\/\/juntosporquilmes.com.ar\/inicio\/wp-content\/uploads\/2023\/07\/358352276_589445113366928_3466961124523206439_n-1-150x150.jpg\" alt=\"\" class=\"wp-image-3700\" srcset=\"https:\/\/juntosporquilmes.com.ar\/inicio\/wp-content\/uploads\/2023\/07\/358352276_589445113366928_3466961124523206439_n-1-150x150.jpg 150w, https:\/\/juntosporquilmes.com.ar\/inicio\/wp-content\/uploads\/2023\/07\/358352276_589445113366928_3466961124523206439_n-1-300x300.jpg 300w, https:\/\/juntosporquilmes.com.ar\/inicio\/wp-content\/uploads\/2023\/07\/358352276_589445113366928_3466961124523206439_n-1-768x768.jpg 768w, https:\/\/juntosporquilmes.com.ar\/inicio\/wp-content\/uploads\/2023\/07\/358352276_589445113366928_3466961124523206439_n-1.jpg 966w\" sizes=\"(max-width: 150px) 100vw, 150px\" \/><\/a><\/figure>\n\n\n\n<figure class=\"wp-block-image size-thumbnail\"><a href=\"https:\/\/juntosporquilmes.com.ar\/inicio\/2023\/07\/un-sabado-a-pura-militancia-en-cada-punto-de-la-ciudad\/358549096_1211595389526972_2521995206076655311_n\/\" target=\"_blank\" rel=\"noopener\"><img loading=\"lazy\" decoding=\"async\" width=\"150\" height=\"150\" data-id=\"3701\" src=\"https:\/\/juntosporquilmes.com.ar\/inicio\/wp-content\/uploads\/2023\/07\/358549096_1211595389526972_2521995206076655311_n-150x150.jpg\" alt=\"\" class=\"wp-image-3701\" srcset=\"https:\/\/juntosporquilmes.com.ar\/inicio\/wp-content\/uploads\/2023\/07\/358549096_1211595389526972_2521995206076655311_n-150x150.jpg 150w, https:\/\/juntosporquilmes.com.ar\/inicio\/wp-content\/uploads\/2023\/07\/358549096_1211595389526972_2521995206076655311_n-300x300.jpg 300w, https:\/\/juntosporquilmes.com.ar\/inicio\/wp-content\/uploads\/2023\/07\/358549096_1211595389526972_2521995206076655311_n-768x768.jpg 768w, https:\/\/juntosporquilmes.com.ar\/inicio\/wp-content\/uploads\/2023\/07\/358549096_1211595389526972_2521995206076655311_n.jpg 949w\" sizes=\"(max-width: 150px) 100vw, 150px\" \/><\/a><\/figure>\n\n\n\n<figure class=\"wp-block-image size-thumbnail\"><a href=\"https:\/\/juntosporquilmes.com.ar\/inicio\/2023\/07\/un-sabado-a-pura-militancia-en-cada-punto-de-la-ciudad\/358516105_1654943001584542_330050075382343683_n\/\" target=\"_blank\" rel=\"noopener\"><img loading=\"lazy\" decoding=\"async\" width=\"150\" height=\"150\" data-id=\"3702\" src=\"https:\/\/juntosporquilmes.com.ar\/inicio\/wp-content\/uploads\/2023\/07\/358516105_1654943001584542_330050075382343683_n-150x150.jpg\" alt=\"\" class=\"wp-image-3702\" srcset=\"https:\/\/juntosporquilmes.com.ar\/inicio\/wp-content\/uploads\/2023\/07\/358516105_1654943001584542_330050075382343683_n-150x150.jpg 150w, https:\/\/juntosporquilmes.com.ar\/inicio\/wp-content\/uploads\/2023\/07\/358516105_1654943001584542_330050075382343683_n-300x300.jpg 300w, https:\/\/juntosporquilmes.com.ar\/inicio\/wp-content\/uploads\/2023\/07\/358516105_1654943001584542_330050075382343683_n.jpg 759w\" sizes=\"(max-width: 150px) 100vw, 150px\" \/><\/a><\/figure>\n<\/figure>\n","protected":false},"excerpt":{"rendered":"<p>Integrantes del Frente de Agrupaciones Peronismo para Todos y del Espacio Abierto Juntos por Quilmes vivieron un s\u00e1bado a pura militancia en cada rinc\u00f3n del distrito. Dialogaron con los vecinos, escucharon sus inquietudes y les contaron sobre la importancia de continuar con el proyecto que inici\u00f3 la intendenta Mayra Mendoza en 2019. \u00abEn La Colonia [&hellip;]<\/p>\n","protected":false},"author":1,"featured_media":3738,"comment_status":"open","ping_status":"open","sticky":false,"template":"","format":"standard","meta":{"footnotes":""},"categories":[10],"tags":[],"class_list":["post-3695","post","type-post","status-publish","format-standard","has-post-thumbnail","hentry","category-militancia"],"yoast_head":"<!-- This site is optimized with the Yoast SEO plugin v27.5 - https:\/\/yoast.com\/product\/yoast-seo-wordpress\/ -->\n<title>UN S\u00c1BADO A PURA MILITANCIA EN CADA PUNTO DE LA CIUDAD - Juntos por Quilmes<\/title>\n<meta name=\"robots\" content=\"index, follow, max-snippet:-1, max-image-preview:large, max-video-preview:-1\" \/>\n<link rel=\"canonical\" href=\"https:\/\/juntosporquilmes.com.ar\/inicio\/2023\/07\/un-sabado-a-pura-militancia-en-cada-punto-de-la-ciudad\/\" \/>\n<meta property=\"og:locale\" content=\"es_ES\" \/>\n<meta property=\"og:type\" content=\"article\" \/>\n<meta property=\"og:title\" content=\"UN S\u00c1BADO A PURA MILITANCIA EN CADA PUNTO DE LA CIUDAD - Juntos por Quilmes\" \/>\n<meta property=\"og:description\" content=\"Integrantes del Frente de Agrupaciones Peronismo para Todos y del Espacio Abierto Juntos por Quilmes vivieron un s\u00e1bado a pura militancia en cada rinc\u00f3n del distrito. Dialogaron con los vecinos, escucharon sus inquietudes y les contaron sobre la importancia de continuar con el proyecto que inici\u00f3 la intendenta Mayra Mendoza en 2019. \u00abEn La Colonia [&hellip;]\" \/>\n<meta property=\"og:url\" content=\"https:\/\/juntosporquilmes.com.ar\/inicio\/2023\/07\/un-sabado-a-pura-militancia-en-cada-punto-de-la-ciudad\/\" \/>\n<meta property=\"og:site_name\" content=\"Juntos por Quilmes\" \/>\n<meta property=\"article:publisher\" content=\"https:\/\/www.facebook.com\/juntosxquilmes\/\" \/>\n<meta property=\"article:published_time\" content=\"2023-07-08T16:32:01+00:00\" \/>\n<meta property=\"article:modified_time\" content=\"2023-07-20T16:58:12+00:00\" \/>\n<meta property=\"og:image\" content=\"https:\/\/juntosporquilmes.com.ar\/inicio\/wp-content\/uploads\/2023\/07\/p12.jpg\" \/>\n\t<meta property=\"og:image:width\" content=\"1134\" \/>\n\t<meta property=\"og:image:height\" content=\"850\" \/>\n\t<meta property=\"og:image:type\" content=\"image\/jpeg\" \/>\n<meta name=\"author\" content=\"admin-vdb\" \/>\n<meta name=\"twitter:card\" content=\"summary_large_image\" \/>\n<meta name=\"twitter:creator\" content=\"@JUNTOSXQUILMES\" \/>\n<meta name=\"twitter:site\" content=\"@JUNTOSXQUILMES\" \/>\n<script type=\"application\/ld+json\" class=\"yoast-schema-graph\">{\"@context\":\"https:\\\/\\\/schema.org\",\"@graph\":[{\"@type\":\"Article\",\"@id\":\"https:\\\/\\\/juntosporquilmes.com.ar\\\/inicio\\\/2023\\\/07\\\/un-sabado-a-pura-militancia-en-cada-punto-de-la-ciudad\\\/#article\",\"isPartOf\":{\"@id\":\"https:\\\/\\\/juntosporquilmes.com.ar\\\/inicio\\\/2023\\\/07\\\/un-sabado-a-pura-militancia-en-cada-punto-de-la-ciudad\\\/\"},\"author\":{\"name\":\"admin-vdb\",\"@id\":\"https:\\\/\\\/juntosporquilmes.com.ar\\\/inicio\\\/#\\\/schema\\\/person\\\/92cffe5404a5f269643a19736afcca11\"},\"headline\":\"UN S\u00c1BADO A PURA MILITANCIA EN CADA PUNTO DE LA CIUDAD\",\"datePublished\":\"2023-07-08T16:32:01+00:00\",\"dateModified\":\"2023-07-20T16:58:12+00:00\",\"mainEntityOfPage\":{\"@id\":\"https:\\\/\\\/juntosporquilmes.com.ar\\\/inicio\\\/2023\\\/07\\\/un-sabado-a-pura-militancia-en-cada-punto-de-la-ciudad\\\/\"},\"wordCount\":287,\"commentCount\":0,\"publisher\":{\"@id\":\"https:\\\/\\\/juntosporquilmes.com.ar\\\/inicio\\\/#organization\"},\"image\":{\"@id\":\"https:\\\/\\\/juntosporquilmes.com.ar\\\/inicio\\\/2023\\\/07\\\/un-sabado-a-pura-militancia-en-cada-punto-de-la-ciudad\\\/#primaryimage\"},\"thumbnailUrl\":\"https:\\\/\\\/juntosporquilmes.com.ar\\\/inicio\\\/wp-content\\\/uploads\\\/2023\\\/07\\\/p12.jpg\",\"articleSection\":[\"MILITANCIA\"],\"inLanguage\":\"es\",\"potentialAction\":[{\"@type\":\"CommentAction\",\"name\":\"Comment\",\"target\":[\"https:\\\/\\\/juntosporquilmes.com.ar\\\/inicio\\\/2023\\\/07\\\/un-sabado-a-pura-militancia-en-cada-punto-de-la-ciudad\\\/#respond\"]}]},{\"@type\":\"WebPage\",\"@id\":\"https:\\\/\\\/juntosporquilmes.com.ar\\\/inicio\\\/2023\\\/07\\\/un-sabado-a-pura-militancia-en-cada-punto-de-la-ciudad\\\/\",\"url\":\"https:\\\/\\\/juntosporquilmes.com.ar\\\/inicio\\\/2023\\\/07\\\/un-sabado-a-pura-militancia-en-cada-punto-de-la-ciudad\\\/\",\"name\":\"UN S\u00c1BADO A PURA MILITANCIA EN CADA PUNTO DE LA CIUDAD - Juntos por Quilmes\",\"isPartOf\":{\"@id\":\"https:\\\/\\\/juntosporquilmes.com.ar\\\/inicio\\\/#website\"},\"primaryImageOfPage\":{\"@id\":\"https:\\\/\\\/juntosporquilmes.com.ar\\\/inicio\\\/2023\\\/07\\\/un-sabado-a-pura-militancia-en-cada-punto-de-la-ciudad\\\/#primaryimage\"},\"image\":{\"@id\":\"https:\\\/\\\/juntosporquilmes.com.ar\\\/inicio\\\/2023\\\/07\\\/un-sabado-a-pura-militancia-en-cada-punto-de-la-ciudad\\\/#primaryimage\"},\"thumbnailUrl\":\"https:\\\/\\\/juntosporquilmes.com.ar\\\/inicio\\\/wp-content\\\/uploads\\\/2023\\\/07\\\/p12.jpg\",\"datePublished\":\"2023-07-08T16:32:01+00:00\",\"dateModified\":\"2023-07-20T16:58:12+00:00\",\"breadcrumb\":{\"@id\":\"https:\\\/\\\/juntosporquilmes.com.ar\\\/inicio\\\/2023\\\/07\\\/un-sabado-a-pura-militancia-en-cada-punto-de-la-ciudad\\\/#breadcrumb\"},\"inLanguage\":\"es\",\"potentialAction\":[{\"@type\":\"ReadAction\",\"target\":[\"https:\\\/\\\/juntosporquilmes.com.ar\\\/inicio\\\/2023\\\/07\\\/un-sabado-a-pura-militancia-en-cada-punto-de-la-ciudad\\\/\"]}]},{\"@type\":\"ImageObject\",\"inLanguage\":\"es\",\"@id\":\"https:\\\/\\\/juntosporquilmes.com.ar\\\/inicio\\\/2023\\\/07\\\/un-sabado-a-pura-militancia-en-cada-punto-de-la-ciudad\\\/#primaryimage\",\"url\":\"https:\\\/\\\/juntosporquilmes.com.ar\\\/inicio\\\/wp-content\\\/uploads\\\/2023\\\/07\\\/p12.jpg\",\"contentUrl\":\"https:\\\/\\\/juntosporquilmes.com.ar\\\/inicio\\\/wp-content\\\/uploads\\\/2023\\\/07\\\/p12.jpg\",\"width\":1134,\"height\":850},{\"@type\":\"BreadcrumbList\",\"@id\":\"https:\\\/\\\/juntosporquilmes.com.ar\\\/inicio\\\/2023\\\/07\\\/un-sabado-a-pura-militancia-en-cada-punto-de-la-ciudad\\\/#breadcrumb\",\"itemListElement\":[{\"@type\":\"ListItem\",\"position\":1,\"name\":\"Portada\",\"item\":\"https:\\\/\\\/juntosporquilmes.com.ar\\\/inicio\\\/\"},{\"@type\":\"ListItem\",\"position\":2,\"name\":\"UN S\u00c1BADO A PURA MILITANCIA EN CADA PUNTO DE LA CIUDAD\"}]},{\"@type\":\"WebSite\",\"@id\":\"https:\\\/\\\/juntosporquilmes.com.ar\\\/inicio\\\/#website\",\"url\":\"https:\\\/\\\/juntosporquilmes.com.ar\\\/inicio\\\/\",\"name\":\"Juntos por Quilmes\",\"description\":\"Corriente Peronista Juntos por Quilmes\",\"publisher\":{\"@id\":\"https:\\\/\\\/juntosporquilmes.com.ar\\\/inicio\\\/#organization\"},\"potentialAction\":[{\"@type\":\"SearchAction\",\"target\":{\"@type\":\"EntryPoint\",\"urlTemplate\":\"https:\\\/\\\/juntosporquilmes.com.ar\\\/inicio\\\/?s={search_term_string}\"},\"query-input\":{\"@type\":\"PropertyValueSpecification\",\"valueRequired\":true,\"valueName\":\"search_term_string\"}}],\"inLanguage\":\"es\"},{\"@type\":\"Organization\",\"@id\":\"https:\\\/\\\/juntosporquilmes.com.ar\\\/inicio\\\/#organization\",\"name\":\"Corriente Peronista Juntos por Quilmes\",\"url\":\"https:\\\/\\\/juntosporquilmes.com.ar\\\/inicio\\\/\",\"logo\":{\"@type\":\"ImageObject\",\"inLanguage\":\"es\",\"@id\":\"https:\\\/\\\/juntosporquilmes.com.ar\\\/inicio\\\/#\\\/schema\\\/logo\\\/image\\\/\",\"url\":\"https:\\\/\\\/juntosporquilmes.com.ar\\\/inicio\\\/wp-content\\\/uploads\\\/2023\\\/06\\\/logo-jpq-2023-b.png\",\"contentUrl\":\"https:\\\/\\\/juntosporquilmes.com.ar\\\/inicio\\\/wp-content\\\/uploads\\\/2023\\\/06\\\/logo-jpq-2023-b.png\",\"width\":2332,\"height\":645,\"caption\":\"Corriente Peronista Juntos por Quilmes\"},\"image\":{\"@id\":\"https:\\\/\\\/juntosporquilmes.com.ar\\\/inicio\\\/#\\\/schema\\\/logo\\\/image\\\/\"},\"sameAs\":[\"https:\\\/\\\/www.facebook.com\\\/juntosxquilmes\\\/\",\"https:\\\/\\\/x.com\\\/JUNTOSXQUILMES\",\"https:\\\/\\\/www.instagram.com\\\/juntos_por_quilmes\\\/\"]},{\"@type\":\"Person\",\"@id\":\"https:\\\/\\\/juntosporquilmes.com.ar\\\/inicio\\\/#\\\/schema\\\/person\\\/92cffe5404a5f269643a19736afcca11\",\"name\":\"admin-vdb\",\"image\":{\"@type\":\"ImageObject\",\"inLanguage\":\"es\",\"@id\":\"https:\\\/\\\/secure.gravatar.com\\\/avatar\\\/a3bc68f4d20ac4e6b7246c64d9145e8058210e47d2e69a742e867048c31c224f?s=96&d=mm&r=g\",\"url\":\"https:\\\/\\\/secure.gravatar.com\\\/avatar\\\/a3bc68f4d20ac4e6b7246c64d9145e8058210e47d2e69a742e867048c31c224f?s=96&d=mm&r=g\",\"contentUrl\":\"https:\\\/\\\/secure.gravatar.com\\\/avatar\\\/a3bc68f4d20ac4e6b7246c64d9145e8058210e47d2e69a742e867048c31c224f?s=96&d=mm&r=g\",\"caption\":\"admin-vdb\"},\"sameAs\":[\"https:\\\/\\\/juntosporquilmes.com.ar\\\/inicio\"],\"url\":\"https:\\\/\\\/juntosporquilmes.com.ar\\\/inicio\\\/author\\\/admin-vdb\\\/\"}]}<\/script>\n<!-- \/ Yoast SEO plugin. -->","yoast_head_json":{"title":"UN S\u00c1BADO A PURA MILITANCIA EN CADA PUNTO DE LA CIUDAD - Juntos por Quilmes","robots":{"index":"index","follow":"follow","max-snippet":"max-snippet:-1","max-image-preview":"max-image-preview:large","max-video-preview":"max-video-preview:-1"},"canonical":"https:\/\/juntosporquilmes.com.ar\/inicio\/2023\/07\/un-sabado-a-pura-militancia-en-cada-punto-de-la-ciudad\/","og_locale":"es_ES","og_type":"article","og_title":"UN S\u00c1BADO A PURA MILITANCIA EN CADA PUNTO DE LA CIUDAD - Juntos por Quilmes","og_description":"Integrantes del Frente de Agrupaciones Peronismo para Todos y del Espacio Abierto Juntos por Quilmes vivieron un s\u00e1bado a pura militancia en cada rinc\u00f3n del distrito. Dialogaron con los vecinos, escucharon sus inquietudes y les contaron sobre la importancia de continuar con el proyecto que inici\u00f3 la intendenta Mayra Mendoza en 2019. \u00abEn La Colonia [&hellip;]","og_url":"https:\/\/juntosporquilmes.com.ar\/inicio\/2023\/07\/un-sabado-a-pura-militancia-en-cada-punto-de-la-ciudad\/","og_site_name":"Juntos por Quilmes","article_publisher":"https:\/\/www.facebook.com\/juntosxquilmes\/","article_published_time":"2023-07-08T16:32:01+00:00","article_modified_time":"2023-07-20T16:58:12+00:00","og_image":[{"width":1134,"height":850,"url":"https:\/\/juntosporquilmes.com.ar\/inicio\/wp-content\/uploads\/2023\/07\/p12.jpg","type":"image\/jpeg"}],"author":"admin-vdb","twitter_card":"summary_large_image","twitter_creator":"@JUNTOSXQUILMES","twitter_site":"@JUNTOSXQUILMES","schema":{"@context":"https:\/\/schema.org","@graph":[{"@type":"Article","@id":"https:\/\/juntosporquilmes.com.ar\/inicio\/2023\/07\/un-sabado-a-pura-militancia-en-cada-punto-de-la-ciudad\/#article","isPartOf":{"@id":"https:\/\/juntosporquilmes.com.ar\/inicio\/2023\/07\/un-sabado-a-pura-militancia-en-cada-punto-de-la-ciudad\/"},"author":{"name":"admin-vdb","@id":"https:\/\/juntosporquilmes.com.ar\/inicio\/#\/schema\/person\/92cffe5404a5f269643a19736afcca11"},"headline":"UN S\u00c1BADO A PURA MILITANCIA EN CADA PUNTO DE LA CIUDAD","datePublished":"2023-07-08T16:32:01+00:00","dateModified":"2023-07-20T16:58:12+00:00","mainEntityOfPage":{"@id":"https:\/\/juntosporquilmes.com.ar\/inicio\/2023\/07\/un-sabado-a-pura-militancia-en-cada-punto-de-la-ciudad\/"},"wordCount":287,"commentCount":0,"publisher":{"@id":"https:\/\/juntosporquilmes.com.ar\/inicio\/#organization"},"image":{"@id":"https:\/\/juntosporquilmes.com.ar\/inicio\/2023\/07\/un-sabado-a-pura-militancia-en-cada-punto-de-la-ciudad\/#primaryimage"},"thumbnailUrl":"https:\/\/juntosporquilmes.com.ar\/inicio\/wp-content\/uploads\/2023\/07\/p12.jpg","articleSection":["MILITANCIA"],"inLanguage":"es","potentialAction":[{"@type":"CommentAction","name":"Comment","target":["https:\/\/juntosporquilmes.com.ar\/inicio\/2023\/07\/un-sabado-a-pura-militancia-en-cada-punto-de-la-ciudad\/#respond"]}]},{"@type":"WebPage","@id":"https:\/\/juntosporquilmes.com.ar\/inicio\/2023\/07\/un-sabado-a-pura-militancia-en-cada-punto-de-la-ciudad\/","url":"https:\/\/juntosporquilmes.com.ar\/inicio\/2023\/07\/un-sabado-a-pura-militancia-en-cada-punto-de-la-ciudad\/","name":"UN S\u00c1BADO A PURA MILITANCIA EN CADA PUNTO DE LA CIUDAD - Juntos por Quilmes","isPartOf":{"@id":"https:\/\/juntosporquilmes.com.ar\/inicio\/#website"},"primaryImageOfPage":{"@id":"https:\/\/juntosporquilmes.com.ar\/inicio\/2023\/07\/un-sabado-a-pura-militancia-en-cada-punto-de-la-ciudad\/#primaryimage"},"image":{"@id":"https:\/\/juntosporquilmes.com.ar\/inicio\/2023\/07\/un-sabado-a-pura-militancia-en-cada-punto-de-la-ciudad\/#primaryimage"},"thumbnailUrl":"https:\/\/juntosporquilmes.com.ar\/inicio\/wp-content\/uploads\/2023\/07\/p12.jpg","datePublished":"2023-07-08T16:32:01+00:00","dateModified":"2023-07-20T16:58:12+00:00","breadcrumb":{"@id":"https:\/\/juntosporquilmes.com.ar\/inicio\/2023\/07\/un-sabado-a-pura-militancia-en-cada-punto-de-la-ciudad\/#breadcrumb"},"inLanguage":"es","potentialAction":[{"@type":"ReadAction","target":["https:\/\/juntosporquilmes.com.ar\/inicio\/2023\/07\/un-sabado-a-pura-militancia-en-cada-punto-de-la-ciudad\/"]}]},{"@type":"ImageObject","inLanguage":"es","@id":"https:\/\/juntosporquilmes.com.ar\/inicio\/2023\/07\/un-sabado-a-pura-militancia-en-cada-punto-de-la-ciudad\/#primaryimage","url":"https:\/\/juntosporquilmes.com.ar\/inicio\/wp-content\/uploads\/2023\/07\/p12.jpg","contentUrl":"https:\/\/juntosporquilmes.com.ar\/inicio\/wp-content\/uploads\/2023\/07\/p12.jpg","width":1134,"height":850},{"@type":"BreadcrumbList","@id":"https:\/\/juntosporquilmes.com.ar\/inicio\/2023\/07\/un-sabado-a-pura-militancia-en-cada-punto-de-la-ciudad\/#breadcrumb","itemListElement":[{"@type":"ListItem","position":1,"name":"Portada","item":"https:\/\/juntosporquilmes.com.ar\/inicio\/"},{"@type":"ListItem","position":2,"name":"UN S\u00c1BADO A PURA MILITANCIA EN CADA PUNTO DE LA CIUDAD"}]},{"@type":"WebSite","@id":"https:\/\/juntosporquilmes.com.ar\/inicio\/#website","url":"https:\/\/juntosporquilmes.com.ar\/inicio\/","name":"Juntos por Quilmes","description":"Corriente Peronista Juntos por Quilmes","publisher":{"@id":"https:\/\/juntosporquilmes.com.ar\/inicio\/#organization"},"potentialAction":[{"@type":"SearchAction","target":{"@type":"EntryPoint","urlTemplate":"https:\/\/juntosporquilmes.com.ar\/inicio\/?s={search_term_string}"},"query-input":{"@type":"PropertyValueSpecification","valueRequired":true,"valueName":"search_term_string"}}],"inLanguage":"es"},{"@type":"Organization","@id":"https:\/\/juntosporquilmes.com.ar\/inicio\/#organization","name":"Corriente Peronista Juntos por Quilmes","url":"https:\/\/juntosporquilmes.com.ar\/inicio\/","logo":{"@type":"ImageObject","inLanguage":"es","@id":"https:\/\/juntosporquilmes.com.ar\/inicio\/#\/schema\/logo\/image\/","url":"https:\/\/juntosporquilmes.com.ar\/inicio\/wp-content\/uploads\/2023\/06\/logo-jpq-2023-b.png","contentUrl":"https:\/\/juntosporquilmes.com.ar\/inicio\/wp-content\/uploads\/2023\/06\/logo-jpq-2023-b.png","width":2332,"height":645,"caption":"Corriente Peronista Juntos por Quilmes"},"image":{"@id":"https:\/\/juntosporquilmes.com.ar\/inicio\/#\/schema\/logo\/image\/"},"sameAs":["https:\/\/www.facebook.com\/juntosxquilmes\/","https:\/\/x.com\/JUNTOSXQUILMES","https:\/\/www.instagram.com\/juntos_por_quilmes\/"]},{"@type":"Person","@id":"https:\/\/juntosporquilmes.com.ar\/inicio\/#\/schema\/person\/92cffe5404a5f269643a19736afcca11","name":"admin-vdb","image":{"@type":"ImageObject","inLanguage":"es","@id":"https:\/\/secure.gravatar.com\/avatar\/a3bc68f4d20ac4e6b7246c64d9145e8058210e47d2e69a742e867048c31c224f?s=96&d=mm&r=g","url":"https:\/\/secure.gravatar.com\/avatar\/a3bc68f4d20ac4e6b7246c64d9145e8058210e47d2e69a742e867048c31c224f?s=96&d=mm&r=g","contentUrl":"https:\/\/secure.gravatar.com\/avatar\/a3bc68f4d20ac4e6b7246c64d9145e8058210e47d2e69a742e867048c31c224f?s=96&d=mm&r=g","caption":"admin-vdb"},"sameAs":["https:\/\/juntosporquilmes.com.ar\/inicio"],"url":"https:\/\/juntosporquilmes.com.ar\/inicio\/author\/admin-vdb\/"}]}},"_links":{"self":[{"href":"https:\/\/juntosporquilmes.com.ar\/inicio\/wp-json\/wp\/v2\/posts\/3695","targetHints":{"allow":["GET"]}}],"collection":[{"href":"https:\/\/juntosporquilmes.com.ar\/inicio\/wp-json\/wp\/v2\/posts"}],"about":[{"href":"https:\/\/juntosporquilmes.com.ar\/inicio\/wp-json\/wp\/v2\/types\/post"}],"author":[{"embeddable":true,"href":"https:\/\/juntosporquilmes.com.ar\/inicio\/wp-json\/wp\/v2\/users\/1"}],"replies":[{"embeddable":true,"href":"https:\/\/juntosporquilmes.com.ar\/inicio\/wp-json\/wp\/v2\/comments?post=3695"}],"version-history":[{"count":9,"href":"https:\/\/juntosporquilmes.com.ar\/inicio\/wp-json\/wp\/v2\/posts\/3695\/revisions"}],"predecessor-version":[{"id":3737,"href":"https:\/\/juntosporquilmes.com.ar\/inicio\/wp-json\/wp\/v2\/posts\/3695\/revisions\/3737"}],"wp:featuredmedia":[{"embeddable":true,"href":"https:\/\/juntosporquilmes.com.ar\/inicio\/wp-json\/wp\/v2\/media\/3738"}],"wp:attachment":[{"href":"https:\/\/juntosporquilmes.com.ar\/inicio\/wp-json\/wp\/v2\/media?parent=3695"}],"wp:term":[{"taxonomy":"category","embeddable":true,"href":"https:\/\/juntosporquilmes.com.ar\/inicio\/wp-json\/wp\/v2\/categories?post=3695"},{"taxonomy":"post_tag","embeddable":true,"href":"https:\/\/juntosporquilmes.com.ar\/inicio\/wp-json\/wp\/v2\/tags?post=3695"}],"curies":[{"name":"wp","href":"https:\/\/api.w.org\/{rel}","templated":true}]}}