{"id":3667,"date":"2023-07-11T14:25:58","date_gmt":"2023-07-11T14:25:58","guid":{"rendered":"https:\/\/juntosporquilmes.com.ar\/inicio\/?p=3667"},"modified":"2023-07-20T14:29:25","modified_gmt":"2023-07-20T14:29:25","slug":"contreras-expreso-su-satisfaccion-tras-la-aprobacion-de-la-ordenanza-para-declarar-ciudadano-ilustre-a-carlos-custer","status":"publish","type":"post","link":"https:\/\/juntosporquilmes.com.ar\/inicio\/2023\/07\/contreras-expreso-su-satisfaccion-tras-la-aprobacion-de-la-ordenanza-para-declarar-ciudadano-ilustre-a-carlos-custer\/","title":{"rendered":"CONTRERAS EXPRES\u00d3 SU SATISFACCI\u00d3N TRAS LA APROBACI\u00d3N DE LA ORDENANZA PARA DECLARAR CIUDADANO ILUSTRE A CARLOS CUSTER"},"content":{"rendered":"\n<p>De esta manera, el concejal Jos\u00e9 Luis Contreras se refiri\u00f3 a la aprobaci\u00f3n de la ordenanza para otorgar el T\u00edtulo Honor\u00edfico de Ciudadano Ilustre a Carlos Luis Custer, por su trabajo en cada \u00e1mbito donde se ha desempe\u00f1ado a lo largo de su vida.<\/p>\n\n\n\n<p>Dicha iniciativa fue presentada por el integrante del Frente de Agrupaciones Peronismo para Todos y del Espacio Abierto Juntos por Quilmes ante la solicitud verbal de la Asociaci\u00f3n de Trabajadores del Estado.<\/p>\n\n\n\n<p>Entre los considerandos del proyecto se destaca, entre otros puntos que el quilme\u00f1o fue dirigente sindical a nivel local, latinoamericano y mundial; Diputado Nacional por la Provincia de Buenos Aires y Embajador Argentino en el Vaticano, como as\u00ed tambi\u00e9n, un reconocido militante de los Derechos Humanos, el Ecumenismo y el Cristianismo con compromiso social.<\/p>\n\n\n\n<p>\u201cEn la actualidad, a sus 83 a\u00f1os de edad, es Presidente del Consejo Pol\u00edtico Consultivo de la Confederaci\u00f3n Latinoamericana y del Caribe de Trabajadores del Estado (CLATE), de la que es fundador y participa activamente de la Mesa Nacional de Instrumento Electoral para la Unidad Popular (UP) y asesora a la Secretar\u00eda de Relaciones Internacionales de la Central de Trabajadores y Trabajadoras de la Argentina (CTA Aut\u00f3noma), se\u00f1ala la iniciativo.<\/p>\n\n\n\n<p>En ese marco, el edil Contreras expres\u00f3: \u201cQuiero agradecer como argentino, como bonaerense, pero sobre todas las cosas como quilme\u00f1o al total desempe\u00f1o realizado por el compa\u00f1ero Carlos Custer a lo largo de su extensa trayectoria, social y gremial\u201d.<\/p>\n\n\n\n<p>\u201cGracias compa\u00f1ero, por su responsabilidad, dedicaci\u00f3n y compromiso a lo hora de cumplir funciones a nivel internacional, nacional y distrital, poniendo lo mejor de s\u00ed en cada lugar que le ha sido asignado, llevando la Bandera Nacional con el m\u00e1s alto orgullo de ser peronista y, sobre todas las cosas, con amor quilme\u00f1o\u201d, manifest\u00f3.<\/p>\n","protected":false},"excerpt":{"rendered":"<p>De esta manera, el concejal Jos\u00e9 Luis Contreras se refiri\u00f3 a la aprobaci\u00f3n de la ordenanza para otorgar el T\u00edtulo Honor\u00edfico de Ciudadano Ilustre a Carlos Luis Custer, por su trabajo en cada \u00e1mbito donde se ha desempe\u00f1ado a lo largo de su vida. Dicha iniciativa fue presentada por el integrante del Frente de Agrupaciones [&hellip;]<\/p>\n","protected":false},"author":1,"featured_media":3668,"comment_status":"open","ping_status":"open","sticky":false,"template":"","format":"standard","meta":{"footnotes":""},"categories":[10],"tags":[],"class_list":["post-3667","post","type-post","status-publish","format-standard","has-post-thumbnail","hentry","category-militancia"],"yoast_head":"<!-- This site is optimized with the Yoast SEO plugin v27.5 - https:\/\/yoast.com\/product\/yoast-seo-wordpress\/ -->\n<title>CONTRERAS EXPRES\u00d3 SU SATISFACCI\u00d3N TRAS LA APROBACI\u00d3N DE LA ORDENANZA PARA DECLARAR CIUDADANO ILUSTRE A CARLOS CUSTER - Juntos por Quilmes<\/title>\n<meta name=\"robots\" content=\"index, follow, max-snippet:-1, max-image-preview:large, max-video-preview:-1\" \/>\n<link rel=\"canonical\" href=\"https:\/\/juntosporquilmes.com.ar\/inicio\/2023\/07\/contreras-expreso-su-satisfaccion-tras-la-aprobacion-de-la-ordenanza-para-declarar-ciudadano-ilustre-a-carlos-custer\/\" \/>\n<meta property=\"og:locale\" content=\"es_ES\" \/>\n<meta property=\"og:type\" content=\"article\" \/>\n<meta property=\"og:title\" content=\"CONTRERAS EXPRES\u00d3 SU SATISFACCI\u00d3N TRAS LA APROBACI\u00d3N DE LA ORDENANZA PARA DECLARAR CIUDADANO ILUSTRE A CARLOS CUSTER - Juntos por Quilmes\" \/>\n<meta property=\"og:description\" content=\"De esta manera, el concejal Jos\u00e9 Luis Contreras se refiri\u00f3 a la aprobaci\u00f3n de la ordenanza para otorgar el T\u00edtulo Honor\u00edfico de Ciudadano Ilustre a Carlos Luis Custer, por su trabajo en cada \u00e1mbito donde se ha desempe\u00f1ado a lo largo de su vida. Dicha iniciativa fue presentada por el integrante del Frente de Agrupaciones [&hellip;]\" \/>\n<meta property=\"og:url\" content=\"https:\/\/juntosporquilmes.com.ar\/inicio\/2023\/07\/contreras-expreso-su-satisfaccion-tras-la-aprobacion-de-la-ordenanza-para-declarar-ciudadano-ilustre-a-carlos-custer\/\" \/>\n<meta property=\"og:site_name\" content=\"Juntos por Quilmes\" \/>\n<meta property=\"article:publisher\" content=\"https:\/\/www.facebook.com\/juntosxquilmes\/\" \/>\n<meta property=\"article:published_time\" content=\"2023-07-11T14:25:58+00:00\" \/>\n<meta property=\"article:modified_time\" content=\"2023-07-20T14:29:25+00:00\" \/>\n<meta property=\"og:image\" content=\"https:\/\/juntosporquilmes.com.ar\/inicio\/wp-content\/uploads\/2023\/07\/p6.jpg\" \/>\n\t<meta property=\"og:image:width\" content=\"1134\" \/>\n\t<meta property=\"og:image:height\" content=\"1134\" \/>\n\t<meta property=\"og:image:type\" content=\"image\/jpeg\" \/>\n<meta name=\"author\" content=\"admin-vdb\" \/>\n<meta name=\"twitter:card\" content=\"summary_large_image\" \/>\n<meta name=\"twitter:creator\" content=\"@JUNTOSXQUILMES\" \/>\n<meta name=\"twitter:site\" content=\"@JUNTOSXQUILMES\" \/>\n<script type=\"application\/ld+json\" class=\"yoast-schema-graph\">{\"@context\":\"https:\\\/\\\/schema.org\",\"@graph\":[{\"@type\":\"Article\",\"@id\":\"https:\\\/\\\/juntosporquilmes.com.ar\\\/inicio\\\/2023\\\/07\\\/contreras-expreso-su-satisfaccion-tras-la-aprobacion-de-la-ordenanza-para-declarar-ciudadano-ilustre-a-carlos-custer\\\/#article\",\"isPartOf\":{\"@id\":\"https:\\\/\\\/juntosporquilmes.com.ar\\\/inicio\\\/2023\\\/07\\\/contreras-expreso-su-satisfaccion-tras-la-aprobacion-de-la-ordenanza-para-declarar-ciudadano-ilustre-a-carlos-custer\\\/\"},\"author\":{\"name\":\"admin-vdb\",\"@id\":\"https:\\\/\\\/juntosporquilmes.com.ar\\\/inicio\\\/#\\\/schema\\\/person\\\/92cffe5404a5f269643a19736afcca11\"},\"headline\":\"CONTRERAS EXPRES\u00d3 SU SATISFACCI\u00d3N TRAS LA APROBACI\u00d3N DE LA ORDENANZA PARA DECLARAR CIUDADANO ILUSTRE A CARLOS CUSTER\",\"datePublished\":\"2023-07-11T14:25:58+00:00\",\"dateModified\":\"2023-07-20T14:29:25+00:00\",\"mainEntityOfPage\":{\"@id\":\"https:\\\/\\\/juntosporquilmes.com.ar\\\/inicio\\\/2023\\\/07\\\/contreras-expreso-su-satisfaccion-tras-la-aprobacion-de-la-ordenanza-para-declarar-ciudadano-ilustre-a-carlos-custer\\\/\"},\"wordCount\":331,\"commentCount\":0,\"publisher\":{\"@id\":\"https:\\\/\\\/juntosporquilmes.com.ar\\\/inicio\\\/#organization\"},\"image\":{\"@id\":\"https:\\\/\\\/juntosporquilmes.com.ar\\\/inicio\\\/2023\\\/07\\\/contreras-expreso-su-satisfaccion-tras-la-aprobacion-de-la-ordenanza-para-declarar-ciudadano-ilustre-a-carlos-custer\\\/#primaryimage\"},\"thumbnailUrl\":\"https:\\\/\\\/juntosporquilmes.com.ar\\\/inicio\\\/wp-content\\\/uploads\\\/2023\\\/07\\\/p6.jpg\",\"articleSection\":[\"MILITANCIA\"],\"inLanguage\":\"es\",\"potentialAction\":[{\"@type\":\"CommentAction\",\"name\":\"Comment\",\"target\":[\"https:\\\/\\\/juntosporquilmes.com.ar\\\/inicio\\\/2023\\\/07\\\/contreras-expreso-su-satisfaccion-tras-la-aprobacion-de-la-ordenanza-para-declarar-ciudadano-ilustre-a-carlos-custer\\\/#respond\"]}]},{\"@type\":\"WebPage\",\"@id\":\"https:\\\/\\\/juntosporquilmes.com.ar\\\/inicio\\\/2023\\\/07\\\/contreras-expreso-su-satisfaccion-tras-la-aprobacion-de-la-ordenanza-para-declarar-ciudadano-ilustre-a-carlos-custer\\\/\",\"url\":\"https:\\\/\\\/juntosporquilmes.com.ar\\\/inicio\\\/2023\\\/07\\\/contreras-expreso-su-satisfaccion-tras-la-aprobacion-de-la-ordenanza-para-declarar-ciudadano-ilustre-a-carlos-custer\\\/\",\"name\":\"CONTRERAS EXPRES\u00d3 SU SATISFACCI\u00d3N TRAS LA APROBACI\u00d3N DE LA ORDENANZA PARA DECLARAR CIUDADANO ILUSTRE A CARLOS CUSTER - Juntos por Quilmes\",\"isPartOf\":{\"@id\":\"https:\\\/\\\/juntosporquilmes.com.ar\\\/inicio\\\/#website\"},\"primaryImageOfPage\":{\"@id\":\"https:\\\/\\\/juntosporquilmes.com.ar\\\/inicio\\\/2023\\\/07\\\/contreras-expreso-su-satisfaccion-tras-la-aprobacion-de-la-ordenanza-para-declarar-ciudadano-ilustre-a-carlos-custer\\\/#primaryimage\"},\"image\":{\"@id\":\"https:\\\/\\\/juntosporquilmes.com.ar\\\/inicio\\\/2023\\\/07\\\/contreras-expreso-su-satisfaccion-tras-la-aprobacion-de-la-ordenanza-para-declarar-ciudadano-ilustre-a-carlos-custer\\\/#primaryimage\"},\"thumbnailUrl\":\"https:\\\/\\\/juntosporquilmes.com.ar\\\/inicio\\\/wp-content\\\/uploads\\\/2023\\\/07\\\/p6.jpg\",\"datePublished\":\"2023-07-11T14:25:58+00:00\",\"dateModified\":\"2023-07-20T14:29:25+00:00\",\"breadcrumb\":{\"@id\":\"https:\\\/\\\/juntosporquilmes.com.ar\\\/inicio\\\/2023\\\/07\\\/contreras-expreso-su-satisfaccion-tras-la-aprobacion-de-la-ordenanza-para-declarar-ciudadano-ilustre-a-carlos-custer\\\/#breadcrumb\"},\"inLanguage\":\"es\",\"potentialAction\":[{\"@type\":\"ReadAction\",\"target\":[\"https:\\\/\\\/juntosporquilmes.com.ar\\\/inicio\\\/2023\\\/07\\\/contreras-expreso-su-satisfaccion-tras-la-aprobacion-de-la-ordenanza-para-declarar-ciudadano-ilustre-a-carlos-custer\\\/\"]}]},{\"@type\":\"ImageObject\",\"inLanguage\":\"es\",\"@id\":\"https:\\\/\\\/juntosporquilmes.com.ar\\\/inicio\\\/2023\\\/07\\\/contreras-expreso-su-satisfaccion-tras-la-aprobacion-de-la-ordenanza-para-declarar-ciudadano-ilustre-a-carlos-custer\\\/#primaryimage\",\"url\":\"https:\\\/\\\/juntosporquilmes.com.ar\\\/inicio\\\/wp-content\\\/uploads\\\/2023\\\/07\\\/p6.jpg\",\"contentUrl\":\"https:\\\/\\\/juntosporquilmes.com.ar\\\/inicio\\\/wp-content\\\/uploads\\\/2023\\\/07\\\/p6.jpg\",\"width\":1134,\"height\":1134},{\"@type\":\"BreadcrumbList\",\"@id\":\"https:\\\/\\\/juntosporquilmes.com.ar\\\/inicio\\\/2023\\\/07\\\/contreras-expreso-su-satisfaccion-tras-la-aprobacion-de-la-ordenanza-para-declarar-ciudadano-ilustre-a-carlos-custer\\\/#breadcrumb\",\"itemListElement\":[{\"@type\":\"ListItem\",\"position\":1,\"name\":\"Portada\",\"item\":\"https:\\\/\\\/juntosporquilmes.com.ar\\\/inicio\\\/\"},{\"@type\":\"ListItem\",\"position\":2,\"name\":\"CONTRERAS EXPRES\u00d3 SU SATISFACCI\u00d3N TRAS LA APROBACI\u00d3N DE LA ORDENANZA PARA DECLARAR CIUDADANO ILUSTRE A CARLOS CUSTER\"}]},{\"@type\":\"WebSite\",\"@id\":\"https:\\\/\\\/juntosporquilmes.com.ar\\\/inicio\\\/#website\",\"url\":\"https:\\\/\\\/juntosporquilmes.com.ar\\\/inicio\\\/\",\"name\":\"Juntos por Quilmes\",\"description\":\"Corriente Peronista Juntos por Quilmes\",\"publisher\":{\"@id\":\"https:\\\/\\\/juntosporquilmes.com.ar\\\/inicio\\\/#organization\"},\"potentialAction\":[{\"@type\":\"SearchAction\",\"target\":{\"@type\":\"EntryPoint\",\"urlTemplate\":\"https:\\\/\\\/juntosporquilmes.com.ar\\\/inicio\\\/?s={search_term_string}\"},\"query-input\":{\"@type\":\"PropertyValueSpecification\",\"valueRequired\":true,\"valueName\":\"search_term_string\"}}],\"inLanguage\":\"es\"},{\"@type\":\"Organization\",\"@id\":\"https:\\\/\\\/juntosporquilmes.com.ar\\\/inicio\\\/#organization\",\"name\":\"Corriente Peronista Juntos por Quilmes\",\"url\":\"https:\\\/\\\/juntosporquilmes.com.ar\\\/inicio\\\/\",\"logo\":{\"@type\":\"ImageObject\",\"inLanguage\":\"es\",\"@id\":\"https:\\\/\\\/juntosporquilmes.com.ar\\\/inicio\\\/#\\\/schema\\\/logo\\\/image\\\/\",\"url\":\"https:\\\/\\\/juntosporquilmes.com.ar\\\/inicio\\\/wp-content\\\/uploads\\\/2023\\\/06\\\/logo-jpq-2023-b.png\",\"contentUrl\":\"https:\\\/\\\/juntosporquilmes.com.ar\\\/inicio\\\/wp-content\\\/uploads\\\/2023\\\/06\\\/logo-jpq-2023-b.png\",\"width\":2332,\"height\":645,\"caption\":\"Corriente Peronista Juntos por Quilmes\"},\"image\":{\"@id\":\"https:\\\/\\\/juntosporquilmes.com.ar\\\/inicio\\\/#\\\/schema\\\/logo\\\/image\\\/\"},\"sameAs\":[\"https:\\\/\\\/www.facebook.com\\\/juntosxquilmes\\\/\",\"https:\\\/\\\/x.com\\\/JUNTOSXQUILMES\",\"https:\\\/\\\/www.instagram.com\\\/juntos_por_quilmes\\\/\"]},{\"@type\":\"Person\",\"@id\":\"https:\\\/\\\/juntosporquilmes.com.ar\\\/inicio\\\/#\\\/schema\\\/person\\\/92cffe5404a5f269643a19736afcca11\",\"name\":\"admin-vdb\",\"image\":{\"@type\":\"ImageObject\",\"inLanguage\":\"es\",\"@id\":\"https:\\\/\\\/secure.gravatar.com\\\/avatar\\\/a3bc68f4d20ac4e6b7246c64d9145e8058210e47d2e69a742e867048c31c224f?s=96&d=mm&r=g\",\"url\":\"https:\\\/\\\/secure.gravatar.com\\\/avatar\\\/a3bc68f4d20ac4e6b7246c64d9145e8058210e47d2e69a742e867048c31c224f?s=96&d=mm&r=g\",\"contentUrl\":\"https:\\\/\\\/secure.gravatar.com\\\/avatar\\\/a3bc68f4d20ac4e6b7246c64d9145e8058210e47d2e69a742e867048c31c224f?s=96&d=mm&r=g\",\"caption\":\"admin-vdb\"},\"sameAs\":[\"https:\\\/\\\/juntosporquilmes.com.ar\\\/inicio\"],\"url\":\"https:\\\/\\\/juntosporquilmes.com.ar\\\/inicio\\\/author\\\/admin-vdb\\\/\"}]}<\/script>\n<!-- \/ Yoast SEO plugin. -->","yoast_head_json":{"title":"CONTRERAS EXPRES\u00d3 SU SATISFACCI\u00d3N TRAS LA APROBACI\u00d3N DE LA ORDENANZA PARA DECLARAR CIUDADANO ILUSTRE A CARLOS CUSTER - Juntos por Quilmes","robots":{"index":"index","follow":"follow","max-snippet":"max-snippet:-1","max-image-preview":"max-image-preview:large","max-video-preview":"max-video-preview:-1"},"canonical":"https:\/\/juntosporquilmes.com.ar\/inicio\/2023\/07\/contreras-expreso-su-satisfaccion-tras-la-aprobacion-de-la-ordenanza-para-declarar-ciudadano-ilustre-a-carlos-custer\/","og_locale":"es_ES","og_type":"article","og_title":"CONTRERAS EXPRES\u00d3 SU SATISFACCI\u00d3N TRAS LA APROBACI\u00d3N DE LA ORDENANZA PARA DECLARAR CIUDADANO ILUSTRE A CARLOS CUSTER - Juntos por Quilmes","og_description":"De esta manera, el concejal Jos\u00e9 Luis Contreras se refiri\u00f3 a la aprobaci\u00f3n de la ordenanza para otorgar el T\u00edtulo Honor\u00edfico de Ciudadano Ilustre a Carlos Luis Custer, por su trabajo en cada \u00e1mbito donde se ha desempe\u00f1ado a lo largo de su vida. Dicha iniciativa fue presentada por el integrante del Frente de Agrupaciones [&hellip;]","og_url":"https:\/\/juntosporquilmes.com.ar\/inicio\/2023\/07\/contreras-expreso-su-satisfaccion-tras-la-aprobacion-de-la-ordenanza-para-declarar-ciudadano-ilustre-a-carlos-custer\/","og_site_name":"Juntos por Quilmes","article_publisher":"https:\/\/www.facebook.com\/juntosxquilmes\/","article_published_time":"2023-07-11T14:25:58+00:00","article_modified_time":"2023-07-20T14:29:25+00:00","og_image":[{"width":1134,"height":1134,"url":"https:\/\/juntosporquilmes.com.ar\/inicio\/wp-content\/uploads\/2023\/07\/p6.jpg","type":"image\/jpeg"}],"author":"admin-vdb","twitter_card":"summary_large_image","twitter_creator":"@JUNTOSXQUILMES","twitter_site":"@JUNTOSXQUILMES","schema":{"@context":"https:\/\/schema.org","@graph":[{"@type":"Article","@id":"https:\/\/juntosporquilmes.com.ar\/inicio\/2023\/07\/contreras-expreso-su-satisfaccion-tras-la-aprobacion-de-la-ordenanza-para-declarar-ciudadano-ilustre-a-carlos-custer\/#article","isPartOf":{"@id":"https:\/\/juntosporquilmes.com.ar\/inicio\/2023\/07\/contreras-expreso-su-satisfaccion-tras-la-aprobacion-de-la-ordenanza-para-declarar-ciudadano-ilustre-a-carlos-custer\/"},"author":{"name":"admin-vdb","@id":"https:\/\/juntosporquilmes.com.ar\/inicio\/#\/schema\/person\/92cffe5404a5f269643a19736afcca11"},"headline":"CONTRERAS EXPRES\u00d3 SU SATISFACCI\u00d3N TRAS LA APROBACI\u00d3N DE LA ORDENANZA PARA DECLARAR CIUDADANO ILUSTRE A CARLOS CUSTER","datePublished":"2023-07-11T14:25:58+00:00","dateModified":"2023-07-20T14:29:25+00:00","mainEntityOfPage":{"@id":"https:\/\/juntosporquilmes.com.ar\/inicio\/2023\/07\/contreras-expreso-su-satisfaccion-tras-la-aprobacion-de-la-ordenanza-para-declarar-ciudadano-ilustre-a-carlos-custer\/"},"wordCount":331,"commentCount":0,"publisher":{"@id":"https:\/\/juntosporquilmes.com.ar\/inicio\/#organization"},"image":{"@id":"https:\/\/juntosporquilmes.com.ar\/inicio\/2023\/07\/contreras-expreso-su-satisfaccion-tras-la-aprobacion-de-la-ordenanza-para-declarar-ciudadano-ilustre-a-carlos-custer\/#primaryimage"},"thumbnailUrl":"https:\/\/juntosporquilmes.com.ar\/inicio\/wp-content\/uploads\/2023\/07\/p6.jpg","articleSection":["MILITANCIA"],"inLanguage":"es","potentialAction":[{"@type":"CommentAction","name":"Comment","target":["https:\/\/juntosporquilmes.com.ar\/inicio\/2023\/07\/contreras-expreso-su-satisfaccion-tras-la-aprobacion-de-la-ordenanza-para-declarar-ciudadano-ilustre-a-carlos-custer\/#respond"]}]},{"@type":"WebPage","@id":"https:\/\/juntosporquilmes.com.ar\/inicio\/2023\/07\/contreras-expreso-su-satisfaccion-tras-la-aprobacion-de-la-ordenanza-para-declarar-ciudadano-ilustre-a-carlos-custer\/","url":"https:\/\/juntosporquilmes.com.ar\/inicio\/2023\/07\/contreras-expreso-su-satisfaccion-tras-la-aprobacion-de-la-ordenanza-para-declarar-ciudadano-ilustre-a-carlos-custer\/","name":"CONTRERAS EXPRES\u00d3 SU SATISFACCI\u00d3N TRAS LA APROBACI\u00d3N DE LA ORDENANZA PARA DECLARAR CIUDADANO ILUSTRE A CARLOS CUSTER - Juntos por Quilmes","isPartOf":{"@id":"https:\/\/juntosporquilmes.com.ar\/inicio\/#website"},"primaryImageOfPage":{"@id":"https:\/\/juntosporquilmes.com.ar\/inicio\/2023\/07\/contreras-expreso-su-satisfaccion-tras-la-aprobacion-de-la-ordenanza-para-declarar-ciudadano-ilustre-a-carlos-custer\/#primaryimage"},"image":{"@id":"https:\/\/juntosporquilmes.com.ar\/inicio\/2023\/07\/contreras-expreso-su-satisfaccion-tras-la-aprobacion-de-la-ordenanza-para-declarar-ciudadano-ilustre-a-carlos-custer\/#primaryimage"},"thumbnailUrl":"https:\/\/juntosporquilmes.com.ar\/inicio\/wp-content\/uploads\/2023\/07\/p6.jpg","datePublished":"2023-07-11T14:25:58+00:00","dateModified":"2023-07-20T14:29:25+00:00","breadcrumb":{"@id":"https:\/\/juntosporquilmes.com.ar\/inicio\/2023\/07\/contreras-expreso-su-satisfaccion-tras-la-aprobacion-de-la-ordenanza-para-declarar-ciudadano-ilustre-a-carlos-custer\/#breadcrumb"},"inLanguage":"es","potentialAction":[{"@type":"ReadAction","target":["https:\/\/juntosporquilmes.com.ar\/inicio\/2023\/07\/contreras-expreso-su-satisfaccion-tras-la-aprobacion-de-la-ordenanza-para-declarar-ciudadano-ilustre-a-carlos-custer\/"]}]},{"@type":"ImageObject","inLanguage":"es","@id":"https:\/\/juntosporquilmes.com.ar\/inicio\/2023\/07\/contreras-expreso-su-satisfaccion-tras-la-aprobacion-de-la-ordenanza-para-declarar-ciudadano-ilustre-a-carlos-custer\/#primaryimage","url":"https:\/\/juntosporquilmes.com.ar\/inicio\/wp-content\/uploads\/2023\/07\/p6.jpg","contentUrl":"https:\/\/juntosporquilmes.com.ar\/inicio\/wp-content\/uploads\/2023\/07\/p6.jpg","width":1134,"height":1134},{"@type":"BreadcrumbList","@id":"https:\/\/juntosporquilmes.com.ar\/inicio\/2023\/07\/contreras-expreso-su-satisfaccion-tras-la-aprobacion-de-la-ordenanza-para-declarar-ciudadano-ilustre-a-carlos-custer\/#breadcrumb","itemListElement":[{"@type":"ListItem","position":1,"name":"Portada","item":"https:\/\/juntosporquilmes.com.ar\/inicio\/"},{"@type":"ListItem","position":2,"name":"CONTRERAS EXPRES\u00d3 SU SATISFACCI\u00d3N TRAS LA APROBACI\u00d3N DE LA ORDENANZA PARA DECLARAR CIUDADANO ILUSTRE A CARLOS CUSTER"}]},{"@type":"WebSite","@id":"https:\/\/juntosporquilmes.com.ar\/inicio\/#website","url":"https:\/\/juntosporquilmes.com.ar\/inicio\/","name":"Juntos por Quilmes","description":"Corriente Peronista Juntos por Quilmes","publisher":{"@id":"https:\/\/juntosporquilmes.com.ar\/inicio\/#organization"},"potentialAction":[{"@type":"SearchAction","target":{"@type":"EntryPoint","urlTemplate":"https:\/\/juntosporquilmes.com.ar\/inicio\/?s={search_term_string}"},"query-input":{"@type":"PropertyValueSpecification","valueRequired":true,"valueName":"search_term_string"}}],"inLanguage":"es"},{"@type":"Organization","@id":"https:\/\/juntosporquilmes.com.ar\/inicio\/#organization","name":"Corriente Peronista Juntos por Quilmes","url":"https:\/\/juntosporquilmes.com.ar\/inicio\/","logo":{"@type":"ImageObject","inLanguage":"es","@id":"https:\/\/juntosporquilmes.com.ar\/inicio\/#\/schema\/logo\/image\/","url":"https:\/\/juntosporquilmes.com.ar\/inicio\/wp-content\/uploads\/2023\/06\/logo-jpq-2023-b.png","contentUrl":"https:\/\/juntosporquilmes.com.ar\/inicio\/wp-content\/uploads\/2023\/06\/logo-jpq-2023-b.png","width":2332,"height":645,"caption":"Corriente Peronista Juntos por Quilmes"},"image":{"@id":"https:\/\/juntosporquilmes.com.ar\/inicio\/#\/schema\/logo\/image\/"},"sameAs":["https:\/\/www.facebook.com\/juntosxquilmes\/","https:\/\/x.com\/JUNTOSXQUILMES","https:\/\/www.instagram.com\/juntos_por_quilmes\/"]},{"@type":"Person","@id":"https:\/\/juntosporquilmes.com.ar\/inicio\/#\/schema\/person\/92cffe5404a5f269643a19736afcca11","name":"admin-vdb","image":{"@type":"ImageObject","inLanguage":"es","@id":"https:\/\/secure.gravatar.com\/avatar\/a3bc68f4d20ac4e6b7246c64d9145e8058210e47d2e69a742e867048c31c224f?s=96&d=mm&r=g","url":"https:\/\/secure.gravatar.com\/avatar\/a3bc68f4d20ac4e6b7246c64d9145e8058210e47d2e69a742e867048c31c224f?s=96&d=mm&r=g","contentUrl":"https:\/\/secure.gravatar.com\/avatar\/a3bc68f4d20ac4e6b7246c64d9145e8058210e47d2e69a742e867048c31c224f?s=96&d=mm&r=g","caption":"admin-vdb"},"sameAs":["https:\/\/juntosporquilmes.com.ar\/inicio"],"url":"https:\/\/juntosporquilmes.com.ar\/inicio\/author\/admin-vdb\/"}]}},"_links":{"self":[{"href":"https:\/\/juntosporquilmes.com.ar\/inicio\/wp-json\/wp\/v2\/posts\/3667","targetHints":{"allow":["GET"]}}],"collection":[{"href":"https:\/\/juntosporquilmes.com.ar\/inicio\/wp-json\/wp\/v2\/posts"}],"about":[{"href":"https:\/\/juntosporquilmes.com.ar\/inicio\/wp-json\/wp\/v2\/types\/post"}],"author":[{"embeddable":true,"href":"https:\/\/juntosporquilmes.com.ar\/inicio\/wp-json\/wp\/v2\/users\/1"}],"replies":[{"embeddable":true,"href":"https:\/\/juntosporquilmes.com.ar\/inicio\/wp-json\/wp\/v2\/comments?post=3667"}],"version-history":[{"count":1,"href":"https:\/\/juntosporquilmes.com.ar\/inicio\/wp-json\/wp\/v2\/posts\/3667\/revisions"}],"predecessor-version":[{"id":3669,"href":"https:\/\/juntosporquilmes.com.ar\/inicio\/wp-json\/wp\/v2\/posts\/3667\/revisions\/3669"}],"wp:featuredmedia":[{"embeddable":true,"href":"https:\/\/juntosporquilmes.com.ar\/inicio\/wp-json\/wp\/v2\/media\/3668"}],"wp:attachment":[{"href":"https:\/\/juntosporquilmes.com.ar\/inicio\/wp-json\/wp\/v2\/media?parent=3667"}],"wp:term":[{"taxonomy":"category","embeddable":true,"href":"https:\/\/juntosporquilmes.com.ar\/inicio\/wp-json\/wp\/v2\/categories?post=3667"},{"taxonomy":"post_tag","embeddable":true,"href":"https:\/\/juntosporquilmes.com.ar\/inicio\/wp-json\/wp\/v2\/tags?post=3667"}],"curies":[{"name":"wp","href":"https:\/\/api.w.org\/{rel}","templated":true}]}}