{"id":3663,"date":"2023-07-11T14:22:50","date_gmt":"2023-07-11T14:22:50","guid":{"rendered":"https:\/\/juntosporquilmes.com.ar\/inicio\/?p=3663"},"modified":"2023-07-20T14:25:30","modified_gmt":"2023-07-20T14:25:30","slug":"hoy-como-en-1816-nos-encontramos-frente-al-gran-desafio-de-sostener-la-soberania-nacional-en-las-situaciones-de-gran-dificultad","status":"publish","type":"post","link":"https:\/\/juntosporquilmes.com.ar\/inicio\/2023\/07\/hoy-como-en-1816-nos-encontramos-frente-al-gran-desafio-de-sostener-la-soberania-nacional-en-las-situaciones-de-gran-dificultad\/","title":{"rendered":"\u00abHOY, COMO EN 1816, NOS ENCONTRAMOS FRENTE AL GRAN DESAF\u00cdO DE SOSTENER LA SOBERAN\u00cdA NACIONAL\u00a0 EN LAS SITUACIONES DE GRAN DIFICULTAD\u00bb"},"content":{"rendered":"\n<p>As\u00ed lo expres\u00f3 el concejal del Frente de Todos, Jos\u00e9 Luis Contreras, al recordar el 9 de Julio durante la sesi\u00f3n ordinaria de este martes: \u201choy conmemoramos otro aniversario de Nuestra Independencia Nacional, reafirmando el compromiso de los y las patriotas que la sustentaron a\u00fan a riesgo de sus vidas como un proyecto emancipador de la Patria Grande\u201d, enfatiz\u00f3.<\/p>\n\n\n\n<p>\u201cHoy rendimos homenaje a todas las mujeres y hombre que con su compromiso de lucha nos marcaron el camino de la Emancipaci\u00f3n Nacional\u2026 Hoy recordamos al Congreso de Tucum\u00e1n que el 9 de julio de 1816 proclam\u00f3 nuestra Independencia Pol\u00edtica\u201d, sostuvo el edil en el inicio de su alocuci\u00f3n, al tiempo que manifest\u00f3: \u201cPero no debemos pasar por alto que en aquel hist\u00f3rico Congreso no hab\u00eda representes de todas las provincias que actualmente integran la Rep\u00fablica Argentina, ya que no s\u00f3lo estaban ausentes diputados de las comunidades originarias que dominaban los territorios de la Patagonia y el nordeste chaque\u00f1o, hoy integradas en las provincias del Chaco, Formosa, La Pampa, Neuqu\u00e9n, Chubut, Santa Cruz y Tierra del Fuego. Sino que adem\u00e1s no participaron del Congreso de Tucum\u00e1n representantes de Santa Fe, Corrientes, Entre R\u00edos y Misiones; dado que estas provincias del litoral hab\u00edan convergido en el congreso independentista de los Pueblos Libres o Congreso del Arroyo de la China, convocado&nbsp; por Jos\u00e9 Gervasio Artigas en Concepci\u00f3n del Uruguay, Entre R\u00edos en junio de 1815\u201d.<\/p>\n\n\n\n<p>\u201cEs decir \u2013continu\u00f3-, que cuando honramos la Independencia debemos asumir un compromiso irrenunciable con los ideales de Tucum\u00e1n, pero tambi\u00e9n con los ideales del Litoral, la Patagonia y del gran Chaco; porque la emancipaci\u00f3n definitiva de Nuestra Patria de cara al siglo XXI debe ser para todas y todos los argentinos en un proyecto amplio e integrador. Es que hoy tambi\u00e9n, como en 1816, nos encontramos frente al gran desaf\u00edo de sostener la soberan\u00eda nacional&nbsp; en las situaciones de gran dificultad. Y esto es asumiendo la defensa de los recursos naturales de nuestro pa\u00eds, que est\u00e1n siendo objeto de la voracidad de las grandes corporaciones trasnacionales. Hoy son los monopolios extranjeros que operan tanto de Sur a Norte, como de Este a Oeste de la jurisdicci\u00f3n argentina con total voracidad; y con la impunidad que les avizoran las pol\u00edticas de ajuste y entrega que nuevamente propicia el Fondo Monetario Internacional. Pol\u00edticas antinacionales que son acogidas con benepl\u00e1cito por gran parte de la oposici\u00f3n que hoy se suma a la restauraci\u00f3n conservadora que asecha a toda Suram\u00e9rica\u201d. &nbsp;&nbsp;&nbsp;&nbsp;&nbsp;<\/p>\n\n\n\n<p>Posteriormente el integrante del Frente de Agrupaciones Peronismo para Todos y del Espacio Abierto Juntos por Quilmes, destac\u00f3: \u201cigualmente, hoy recordamos que el 12 de julio de 1780, en el Departamento de Chuquisaca naci\u00f3 Juana Azurduy; que en el a\u00f1o 2009 fue ascendida, post mortem,&nbsp; al grado de Generala del Ej\u00e9rcito Argentino. Juana fue sin dudas una de las m\u00e1ximas patriotas que sostuvo Nuestra Independencia. Aunque nos llame la atenci\u00f3n de que su nacimiento y gran parte de su acci\u00f3n libertaria transcurri\u00f3 en el actual territorio boliviano\u201d.&nbsp;<\/p>\n\n\n\n<p>&nbsp;\u201cAsimismo, cuando leemos el Acta de Independencia del 9 de Julio observamos que varios diputados que la suscribieron proven\u00edan de regiones que hoy no pertenecen al Estado Argentino, como son los distritos de Charcas, Mizque, Chichas, La Plata y Cochabamba, actualmente integrados a Bolivia. Adem\u00e1s, resulta sugerente advertir que en 1816 se realizaron gestiones para que Chile y Paraguay tambi\u00e9n env\u00eden representantes a Tucum\u00e1n, aunque estas gestiones no tuvieron \u00e9xito\u201d, sostuvo.<\/p>\n\n\n\n<p>Finalmente, resalt\u00f3: \u201cCon esto queremos se\u00f1alar que la proclamaci\u00f3n de la Independencia no fue un hecho privativo de un reducido sector de la acomodada \u00e9lite rioplatense, sino que fue uno de los m\u00e1s importantes hechos pol\u00edticos de la historia de Nuestra Am\u00e9rica. Es que fue la proclama de quienes derramaron su sangre junto al General San Mart\u00edn, a Manuel Belgrano, Juan Mart\u00edn Miguel de G\u00fcemes y nuestra Generala Juana Azurduy. Quienes en definitiva no declararon la Independencia Argentina, sino la independencia de \u00ablas Provincias Unidas en Sud Am\u00e9rica\u00bb seg\u00fan consta en la letra de nuestra acta fundacional\u201d.<\/p>\n\n\n\n<p>Y agreg\u00f3: \u201cEn conclusi\u00f3n, hoy conmemoramos otro aniversario de Nuestra Independencia Nacional, reafirmando el compromiso de los y las patriotas que la sustentaron a\u00fan a riesgo de sus vidas como un proyecto emancipador de la Patria Grande. Un proyecto continental que hoy nos convoca a redoblar los esfuerzos para afianzar organismos de integraci\u00f3n regional como el MERCOSUR, UNASUR y CELAC\u2026 Porque hoy, de cara al siglo XXI debemos hacer frente a la voracidad de las corporaciones trasnacionales que amenazan la libertad y la independencia de nuestros pueblos, para una vez m\u00e1s zaquear sus riquezas\u201d.<\/p>\n\n\n\n<p>\u201cComo nos se\u00f1al\u00f3 el General Juan Domingo Per\u00f3n aquel 9 de julio, pero de 1947 cuando proclam\u00f3 la Independencia Econ\u00f3mica, \u2018\u2026declaramos solemnemente a la faz de la tierra la justicia en que fundan su decisi\u00f3n, los pueblos y los gobiernos de las provincias y territorios argentinos, de romper los v\u00ednculos dominadores del capitalismo for\u00e1neo enclavado en el pa\u00eds y recuperar los derechos al gobierno propio de las fuentes econ\u00f3micas nacionales\u2026\u2019\u201d, concluy\u00f3 Jos\u00e9 Luis Contreras.&nbsp;<\/p>\n\n\n\n<p><a href=\"https:\/\/frenteperonismoparatodos.com\/#facebook\" rel=\"noreferrer noopener\" target=\"_blank\"><\/a><\/p>\n","protected":false},"excerpt":{"rendered":"<p>As\u00ed lo expres\u00f3 el concejal del Frente de Todos, Jos\u00e9 Luis Contreras, al recordar el 9 de Julio durante la sesi\u00f3n ordinaria de este martes: \u201choy conmemoramos otro aniversario de Nuestra Independencia Nacional, reafirmando el compromiso de los y las patriotas que la sustentaron a\u00fan a riesgo de sus vidas como un proyecto emancipador de [&hellip;]<\/p>\n","protected":false},"author":1,"featured_media":3666,"comment_status":"open","ping_status":"open","sticky":false,"template":"","format":"standard","meta":{"footnotes":""},"categories":[10],"tags":[],"class_list":["post-3663","post","type-post","status-publish","format-standard","has-post-thumbnail","hentry","category-militancia"],"yoast_head":"<!-- This site is optimized with the Yoast SEO plugin v27.5 - https:\/\/yoast.com\/product\/yoast-seo-wordpress\/ -->\n<title>&quot;HOY, COMO EN 1816, NOS ENCONTRAMOS FRENTE AL GRAN DESAF\u00cdO DE SOSTENER LA SOBERAN\u00cdA NACIONAL\u00a0 EN LAS SITUACIONES DE GRAN DIFICULTAD&quot; - Juntos por Quilmes<\/title>\n<meta name=\"robots\" content=\"index, follow, max-snippet:-1, max-image-preview:large, max-video-preview:-1\" \/>\n<link rel=\"canonical\" href=\"https:\/\/juntosporquilmes.com.ar\/inicio\/2023\/07\/hoy-como-en-1816-nos-encontramos-frente-al-gran-desafio-de-sostener-la-soberania-nacional-en-las-situaciones-de-gran-dificultad\/\" \/>\n<meta property=\"og:locale\" content=\"es_ES\" \/>\n<meta property=\"og:type\" content=\"article\" \/>\n<meta property=\"og:title\" content=\"&quot;HOY, COMO EN 1816, NOS ENCONTRAMOS FRENTE AL GRAN DESAF\u00cdO DE SOSTENER LA SOBERAN\u00cdA NACIONAL\u00a0 EN LAS SITUACIONES DE GRAN DIFICULTAD&quot; - Juntos por Quilmes\" \/>\n<meta property=\"og:description\" content=\"As\u00ed lo expres\u00f3 el concejal del Frente de Todos, Jos\u00e9 Luis Contreras, al recordar el 9 de Julio durante la sesi\u00f3n ordinaria de este martes: \u201choy conmemoramos otro aniversario de Nuestra Independencia Nacional, reafirmando el compromiso de los y las patriotas que la sustentaron a\u00fan a riesgo de sus vidas como un proyecto emancipador de [&hellip;]\" \/>\n<meta property=\"og:url\" content=\"https:\/\/juntosporquilmes.com.ar\/inicio\/2023\/07\/hoy-como-en-1816-nos-encontramos-frente-al-gran-desafio-de-sostener-la-soberania-nacional-en-las-situaciones-de-gran-dificultad\/\" \/>\n<meta property=\"og:site_name\" content=\"Juntos por Quilmes\" \/>\n<meta property=\"article:publisher\" content=\"https:\/\/www.facebook.com\/juntosxquilmes\/\" \/>\n<meta property=\"article:published_time\" content=\"2023-07-11T14:22:50+00:00\" \/>\n<meta property=\"article:modified_time\" content=\"2023-07-20T14:25:30+00:00\" \/>\n<meta property=\"og:image\" content=\"https:\/\/juntosporquilmes.com.ar\/inicio\/wp-content\/uploads\/2023\/07\/p5.jpg\" \/>\n\t<meta property=\"og:image:width\" content=\"1134\" \/>\n\t<meta property=\"og:image:height\" content=\"1134\" \/>\n\t<meta property=\"og:image:type\" content=\"image\/jpeg\" \/>\n<meta name=\"author\" content=\"admin-vdb\" \/>\n<meta name=\"twitter:card\" content=\"summary_large_image\" \/>\n<meta name=\"twitter:creator\" content=\"@JUNTOSXQUILMES\" \/>\n<meta name=\"twitter:site\" content=\"@JUNTOSXQUILMES\" \/>\n<script type=\"application\/ld+json\" class=\"yoast-schema-graph\">{\"@context\":\"https:\\\/\\\/schema.org\",\"@graph\":[{\"@type\":\"Article\",\"@id\":\"https:\\\/\\\/juntosporquilmes.com.ar\\\/inicio\\\/2023\\\/07\\\/hoy-como-en-1816-nos-encontramos-frente-al-gran-desafio-de-sostener-la-soberania-nacional-en-las-situaciones-de-gran-dificultad\\\/#article\",\"isPartOf\":{\"@id\":\"https:\\\/\\\/juntosporquilmes.com.ar\\\/inicio\\\/2023\\\/07\\\/hoy-como-en-1816-nos-encontramos-frente-al-gran-desafio-de-sostener-la-soberania-nacional-en-las-situaciones-de-gran-dificultad\\\/\"},\"author\":{\"name\":\"admin-vdb\",\"@id\":\"https:\\\/\\\/juntosporquilmes.com.ar\\\/inicio\\\/#\\\/schema\\\/person\\\/92cffe5404a5f269643a19736afcca11\"},\"headline\":\"\u00abHOY, COMO EN 1816, NOS ENCONTRAMOS FRENTE AL GRAN DESAF\u00cdO DE SOSTENER LA SOBERAN\u00cdA NACIONAL\u00a0 EN LAS SITUACIONES DE GRAN DIFICULTAD\u00bb\",\"datePublished\":\"2023-07-11T14:22:50+00:00\",\"dateModified\":\"2023-07-20T14:25:30+00:00\",\"mainEntityOfPage\":{\"@id\":\"https:\\\/\\\/juntosporquilmes.com.ar\\\/inicio\\\/2023\\\/07\\\/hoy-como-en-1816-nos-encontramos-frente-al-gran-desafio-de-sostener-la-soberania-nacional-en-las-situaciones-de-gran-dificultad\\\/\"},\"wordCount\":918,\"commentCount\":0,\"publisher\":{\"@id\":\"https:\\\/\\\/juntosporquilmes.com.ar\\\/inicio\\\/#organization\"},\"image\":{\"@id\":\"https:\\\/\\\/juntosporquilmes.com.ar\\\/inicio\\\/2023\\\/07\\\/hoy-como-en-1816-nos-encontramos-frente-al-gran-desafio-de-sostener-la-soberania-nacional-en-las-situaciones-de-gran-dificultad\\\/#primaryimage\"},\"thumbnailUrl\":\"https:\\\/\\\/juntosporquilmes.com.ar\\\/inicio\\\/wp-content\\\/uploads\\\/2023\\\/07\\\/p5.jpg\",\"articleSection\":[\"MILITANCIA\"],\"inLanguage\":\"es\",\"potentialAction\":[{\"@type\":\"CommentAction\",\"name\":\"Comment\",\"target\":[\"https:\\\/\\\/juntosporquilmes.com.ar\\\/inicio\\\/2023\\\/07\\\/hoy-como-en-1816-nos-encontramos-frente-al-gran-desafio-de-sostener-la-soberania-nacional-en-las-situaciones-de-gran-dificultad\\\/#respond\"]}]},{\"@type\":\"WebPage\",\"@id\":\"https:\\\/\\\/juntosporquilmes.com.ar\\\/inicio\\\/2023\\\/07\\\/hoy-como-en-1816-nos-encontramos-frente-al-gran-desafio-de-sostener-la-soberania-nacional-en-las-situaciones-de-gran-dificultad\\\/\",\"url\":\"https:\\\/\\\/juntosporquilmes.com.ar\\\/inicio\\\/2023\\\/07\\\/hoy-como-en-1816-nos-encontramos-frente-al-gran-desafio-de-sostener-la-soberania-nacional-en-las-situaciones-de-gran-dificultad\\\/\",\"name\":\"\\\"HOY, COMO EN 1816, NOS ENCONTRAMOS FRENTE AL GRAN DESAF\u00cdO DE SOSTENER LA SOBERAN\u00cdA NACIONAL\u00a0 EN LAS SITUACIONES DE GRAN DIFICULTAD\\\" - Juntos por Quilmes\",\"isPartOf\":{\"@id\":\"https:\\\/\\\/juntosporquilmes.com.ar\\\/inicio\\\/#website\"},\"primaryImageOfPage\":{\"@id\":\"https:\\\/\\\/juntosporquilmes.com.ar\\\/inicio\\\/2023\\\/07\\\/hoy-como-en-1816-nos-encontramos-frente-al-gran-desafio-de-sostener-la-soberania-nacional-en-las-situaciones-de-gran-dificultad\\\/#primaryimage\"},\"image\":{\"@id\":\"https:\\\/\\\/juntosporquilmes.com.ar\\\/inicio\\\/2023\\\/07\\\/hoy-como-en-1816-nos-encontramos-frente-al-gran-desafio-de-sostener-la-soberania-nacional-en-las-situaciones-de-gran-dificultad\\\/#primaryimage\"},\"thumbnailUrl\":\"https:\\\/\\\/juntosporquilmes.com.ar\\\/inicio\\\/wp-content\\\/uploads\\\/2023\\\/07\\\/p5.jpg\",\"datePublished\":\"2023-07-11T14:22:50+00:00\",\"dateModified\":\"2023-07-20T14:25:30+00:00\",\"breadcrumb\":{\"@id\":\"https:\\\/\\\/juntosporquilmes.com.ar\\\/inicio\\\/2023\\\/07\\\/hoy-como-en-1816-nos-encontramos-frente-al-gran-desafio-de-sostener-la-soberania-nacional-en-las-situaciones-de-gran-dificultad\\\/#breadcrumb\"},\"inLanguage\":\"es\",\"potentialAction\":[{\"@type\":\"ReadAction\",\"target\":[\"https:\\\/\\\/juntosporquilmes.com.ar\\\/inicio\\\/2023\\\/07\\\/hoy-como-en-1816-nos-encontramos-frente-al-gran-desafio-de-sostener-la-soberania-nacional-en-las-situaciones-de-gran-dificultad\\\/\"]}]},{\"@type\":\"ImageObject\",\"inLanguage\":\"es\",\"@id\":\"https:\\\/\\\/juntosporquilmes.com.ar\\\/inicio\\\/2023\\\/07\\\/hoy-como-en-1816-nos-encontramos-frente-al-gran-desafio-de-sostener-la-soberania-nacional-en-las-situaciones-de-gran-dificultad\\\/#primaryimage\",\"url\":\"https:\\\/\\\/juntosporquilmes.com.ar\\\/inicio\\\/wp-content\\\/uploads\\\/2023\\\/07\\\/p5.jpg\",\"contentUrl\":\"https:\\\/\\\/juntosporquilmes.com.ar\\\/inicio\\\/wp-content\\\/uploads\\\/2023\\\/07\\\/p5.jpg\",\"width\":1134,\"height\":1134},{\"@type\":\"BreadcrumbList\",\"@id\":\"https:\\\/\\\/juntosporquilmes.com.ar\\\/inicio\\\/2023\\\/07\\\/hoy-como-en-1816-nos-encontramos-frente-al-gran-desafio-de-sostener-la-soberania-nacional-en-las-situaciones-de-gran-dificultad\\\/#breadcrumb\",\"itemListElement\":[{\"@type\":\"ListItem\",\"position\":1,\"name\":\"Portada\",\"item\":\"https:\\\/\\\/juntosporquilmes.com.ar\\\/inicio\\\/\"},{\"@type\":\"ListItem\",\"position\":2,\"name\":\"&#8220;HOY, COMO EN 1816, NOS ENCONTRAMOS FRENTE AL GRAN DESAF\u00cdO DE SOSTENER LA SOBERAN\u00cdA NACIONAL\u00a0 EN LAS SITUACIONES DE GRAN DIFICULTAD&#8221;\"}]},{\"@type\":\"WebSite\",\"@id\":\"https:\\\/\\\/juntosporquilmes.com.ar\\\/inicio\\\/#website\",\"url\":\"https:\\\/\\\/juntosporquilmes.com.ar\\\/inicio\\\/\",\"name\":\"Juntos por Quilmes\",\"description\":\"Corriente Peronista Juntos por Quilmes\",\"publisher\":{\"@id\":\"https:\\\/\\\/juntosporquilmes.com.ar\\\/inicio\\\/#organization\"},\"potentialAction\":[{\"@type\":\"SearchAction\",\"target\":{\"@type\":\"EntryPoint\",\"urlTemplate\":\"https:\\\/\\\/juntosporquilmes.com.ar\\\/inicio\\\/?s={search_term_string}\"},\"query-input\":{\"@type\":\"PropertyValueSpecification\",\"valueRequired\":true,\"valueName\":\"search_term_string\"}}],\"inLanguage\":\"es\"},{\"@type\":\"Organization\",\"@id\":\"https:\\\/\\\/juntosporquilmes.com.ar\\\/inicio\\\/#organization\",\"name\":\"Corriente Peronista Juntos por Quilmes\",\"url\":\"https:\\\/\\\/juntosporquilmes.com.ar\\\/inicio\\\/\",\"logo\":{\"@type\":\"ImageObject\",\"inLanguage\":\"es\",\"@id\":\"https:\\\/\\\/juntosporquilmes.com.ar\\\/inicio\\\/#\\\/schema\\\/logo\\\/image\\\/\",\"url\":\"https:\\\/\\\/juntosporquilmes.com.ar\\\/inicio\\\/wp-content\\\/uploads\\\/2023\\\/06\\\/logo-jpq-2023-b.png\",\"contentUrl\":\"https:\\\/\\\/juntosporquilmes.com.ar\\\/inicio\\\/wp-content\\\/uploads\\\/2023\\\/06\\\/logo-jpq-2023-b.png\",\"width\":2332,\"height\":645,\"caption\":\"Corriente Peronista Juntos por Quilmes\"},\"image\":{\"@id\":\"https:\\\/\\\/juntosporquilmes.com.ar\\\/inicio\\\/#\\\/schema\\\/logo\\\/image\\\/\"},\"sameAs\":[\"https:\\\/\\\/www.facebook.com\\\/juntosxquilmes\\\/\",\"https:\\\/\\\/x.com\\\/JUNTOSXQUILMES\",\"https:\\\/\\\/www.instagram.com\\\/juntos_por_quilmes\\\/\"]},{\"@type\":\"Person\",\"@id\":\"https:\\\/\\\/juntosporquilmes.com.ar\\\/inicio\\\/#\\\/schema\\\/person\\\/92cffe5404a5f269643a19736afcca11\",\"name\":\"admin-vdb\",\"image\":{\"@type\":\"ImageObject\",\"inLanguage\":\"es\",\"@id\":\"https:\\\/\\\/secure.gravatar.com\\\/avatar\\\/a3bc68f4d20ac4e6b7246c64d9145e8058210e47d2e69a742e867048c31c224f?s=96&d=mm&r=g\",\"url\":\"https:\\\/\\\/secure.gravatar.com\\\/avatar\\\/a3bc68f4d20ac4e6b7246c64d9145e8058210e47d2e69a742e867048c31c224f?s=96&d=mm&r=g\",\"contentUrl\":\"https:\\\/\\\/secure.gravatar.com\\\/avatar\\\/a3bc68f4d20ac4e6b7246c64d9145e8058210e47d2e69a742e867048c31c224f?s=96&d=mm&r=g\",\"caption\":\"admin-vdb\"},\"sameAs\":[\"https:\\\/\\\/juntosporquilmes.com.ar\\\/inicio\"],\"url\":\"https:\\\/\\\/juntosporquilmes.com.ar\\\/inicio\\\/author\\\/admin-vdb\\\/\"}]}<\/script>\n<!-- \/ Yoast SEO plugin. -->","yoast_head_json":{"title":"\"HOY, COMO EN 1816, NOS ENCONTRAMOS FRENTE AL GRAN DESAF\u00cdO DE SOSTENER LA SOBERAN\u00cdA NACIONAL\u00a0 EN LAS SITUACIONES DE GRAN DIFICULTAD\" - Juntos por Quilmes","robots":{"index":"index","follow":"follow","max-snippet":"max-snippet:-1","max-image-preview":"max-image-preview:large","max-video-preview":"max-video-preview:-1"},"canonical":"https:\/\/juntosporquilmes.com.ar\/inicio\/2023\/07\/hoy-como-en-1816-nos-encontramos-frente-al-gran-desafio-de-sostener-la-soberania-nacional-en-las-situaciones-de-gran-dificultad\/","og_locale":"es_ES","og_type":"article","og_title":"\"HOY, COMO EN 1816, NOS ENCONTRAMOS FRENTE AL GRAN DESAF\u00cdO DE SOSTENER LA SOBERAN\u00cdA NACIONAL\u00a0 EN LAS SITUACIONES DE GRAN DIFICULTAD\" - Juntos por Quilmes","og_description":"As\u00ed lo expres\u00f3 el concejal del Frente de Todos, Jos\u00e9 Luis Contreras, al recordar el 9 de Julio durante la sesi\u00f3n ordinaria de este martes: \u201choy conmemoramos otro aniversario de Nuestra Independencia Nacional, reafirmando el compromiso de los y las patriotas que la sustentaron a\u00fan a riesgo de sus vidas como un proyecto emancipador de [&hellip;]","og_url":"https:\/\/juntosporquilmes.com.ar\/inicio\/2023\/07\/hoy-como-en-1816-nos-encontramos-frente-al-gran-desafio-de-sostener-la-soberania-nacional-en-las-situaciones-de-gran-dificultad\/","og_site_name":"Juntos por Quilmes","article_publisher":"https:\/\/www.facebook.com\/juntosxquilmes\/","article_published_time":"2023-07-11T14:22:50+00:00","article_modified_time":"2023-07-20T14:25:30+00:00","og_image":[{"width":1134,"height":1134,"url":"https:\/\/juntosporquilmes.com.ar\/inicio\/wp-content\/uploads\/2023\/07\/p5.jpg","type":"image\/jpeg"}],"author":"admin-vdb","twitter_card":"summary_large_image","twitter_creator":"@JUNTOSXQUILMES","twitter_site":"@JUNTOSXQUILMES","schema":{"@context":"https:\/\/schema.org","@graph":[{"@type":"Article","@id":"https:\/\/juntosporquilmes.com.ar\/inicio\/2023\/07\/hoy-como-en-1816-nos-encontramos-frente-al-gran-desafio-de-sostener-la-soberania-nacional-en-las-situaciones-de-gran-dificultad\/#article","isPartOf":{"@id":"https:\/\/juntosporquilmes.com.ar\/inicio\/2023\/07\/hoy-como-en-1816-nos-encontramos-frente-al-gran-desafio-de-sostener-la-soberania-nacional-en-las-situaciones-de-gran-dificultad\/"},"author":{"name":"admin-vdb","@id":"https:\/\/juntosporquilmes.com.ar\/inicio\/#\/schema\/person\/92cffe5404a5f269643a19736afcca11"},"headline":"\u00abHOY, COMO EN 1816, NOS ENCONTRAMOS FRENTE AL GRAN DESAF\u00cdO DE SOSTENER LA SOBERAN\u00cdA NACIONAL\u00a0 EN LAS SITUACIONES DE GRAN DIFICULTAD\u00bb","datePublished":"2023-07-11T14:22:50+00:00","dateModified":"2023-07-20T14:25:30+00:00","mainEntityOfPage":{"@id":"https:\/\/juntosporquilmes.com.ar\/inicio\/2023\/07\/hoy-como-en-1816-nos-encontramos-frente-al-gran-desafio-de-sostener-la-soberania-nacional-en-las-situaciones-de-gran-dificultad\/"},"wordCount":918,"commentCount":0,"publisher":{"@id":"https:\/\/juntosporquilmes.com.ar\/inicio\/#organization"},"image":{"@id":"https:\/\/juntosporquilmes.com.ar\/inicio\/2023\/07\/hoy-como-en-1816-nos-encontramos-frente-al-gran-desafio-de-sostener-la-soberania-nacional-en-las-situaciones-de-gran-dificultad\/#primaryimage"},"thumbnailUrl":"https:\/\/juntosporquilmes.com.ar\/inicio\/wp-content\/uploads\/2023\/07\/p5.jpg","articleSection":["MILITANCIA"],"inLanguage":"es","potentialAction":[{"@type":"CommentAction","name":"Comment","target":["https:\/\/juntosporquilmes.com.ar\/inicio\/2023\/07\/hoy-como-en-1816-nos-encontramos-frente-al-gran-desafio-de-sostener-la-soberania-nacional-en-las-situaciones-de-gran-dificultad\/#respond"]}]},{"@type":"WebPage","@id":"https:\/\/juntosporquilmes.com.ar\/inicio\/2023\/07\/hoy-como-en-1816-nos-encontramos-frente-al-gran-desafio-de-sostener-la-soberania-nacional-en-las-situaciones-de-gran-dificultad\/","url":"https:\/\/juntosporquilmes.com.ar\/inicio\/2023\/07\/hoy-como-en-1816-nos-encontramos-frente-al-gran-desafio-de-sostener-la-soberania-nacional-en-las-situaciones-de-gran-dificultad\/","name":"\"HOY, COMO EN 1816, NOS ENCONTRAMOS FRENTE AL GRAN DESAF\u00cdO DE SOSTENER LA SOBERAN\u00cdA NACIONAL\u00a0 EN LAS SITUACIONES DE GRAN DIFICULTAD\" - Juntos por Quilmes","isPartOf":{"@id":"https:\/\/juntosporquilmes.com.ar\/inicio\/#website"},"primaryImageOfPage":{"@id":"https:\/\/juntosporquilmes.com.ar\/inicio\/2023\/07\/hoy-como-en-1816-nos-encontramos-frente-al-gran-desafio-de-sostener-la-soberania-nacional-en-las-situaciones-de-gran-dificultad\/#primaryimage"},"image":{"@id":"https:\/\/juntosporquilmes.com.ar\/inicio\/2023\/07\/hoy-como-en-1816-nos-encontramos-frente-al-gran-desafio-de-sostener-la-soberania-nacional-en-las-situaciones-de-gran-dificultad\/#primaryimage"},"thumbnailUrl":"https:\/\/juntosporquilmes.com.ar\/inicio\/wp-content\/uploads\/2023\/07\/p5.jpg","datePublished":"2023-07-11T14:22:50+00:00","dateModified":"2023-07-20T14:25:30+00:00","breadcrumb":{"@id":"https:\/\/juntosporquilmes.com.ar\/inicio\/2023\/07\/hoy-como-en-1816-nos-encontramos-frente-al-gran-desafio-de-sostener-la-soberania-nacional-en-las-situaciones-de-gran-dificultad\/#breadcrumb"},"inLanguage":"es","potentialAction":[{"@type":"ReadAction","target":["https:\/\/juntosporquilmes.com.ar\/inicio\/2023\/07\/hoy-como-en-1816-nos-encontramos-frente-al-gran-desafio-de-sostener-la-soberania-nacional-en-las-situaciones-de-gran-dificultad\/"]}]},{"@type":"ImageObject","inLanguage":"es","@id":"https:\/\/juntosporquilmes.com.ar\/inicio\/2023\/07\/hoy-como-en-1816-nos-encontramos-frente-al-gran-desafio-de-sostener-la-soberania-nacional-en-las-situaciones-de-gran-dificultad\/#primaryimage","url":"https:\/\/juntosporquilmes.com.ar\/inicio\/wp-content\/uploads\/2023\/07\/p5.jpg","contentUrl":"https:\/\/juntosporquilmes.com.ar\/inicio\/wp-content\/uploads\/2023\/07\/p5.jpg","width":1134,"height":1134},{"@type":"BreadcrumbList","@id":"https:\/\/juntosporquilmes.com.ar\/inicio\/2023\/07\/hoy-como-en-1816-nos-encontramos-frente-al-gran-desafio-de-sostener-la-soberania-nacional-en-las-situaciones-de-gran-dificultad\/#breadcrumb","itemListElement":[{"@type":"ListItem","position":1,"name":"Portada","item":"https:\/\/juntosporquilmes.com.ar\/inicio\/"},{"@type":"ListItem","position":2,"name":"&#8220;HOY, COMO EN 1816, NOS ENCONTRAMOS FRENTE AL GRAN DESAF\u00cdO DE SOSTENER LA SOBERAN\u00cdA NACIONAL\u00a0 EN LAS SITUACIONES DE GRAN DIFICULTAD&#8221;"}]},{"@type":"WebSite","@id":"https:\/\/juntosporquilmes.com.ar\/inicio\/#website","url":"https:\/\/juntosporquilmes.com.ar\/inicio\/","name":"Juntos por Quilmes","description":"Corriente Peronista Juntos por Quilmes","publisher":{"@id":"https:\/\/juntosporquilmes.com.ar\/inicio\/#organization"},"potentialAction":[{"@type":"SearchAction","target":{"@type":"EntryPoint","urlTemplate":"https:\/\/juntosporquilmes.com.ar\/inicio\/?s={search_term_string}"},"query-input":{"@type":"PropertyValueSpecification","valueRequired":true,"valueName":"search_term_string"}}],"inLanguage":"es"},{"@type":"Organization","@id":"https:\/\/juntosporquilmes.com.ar\/inicio\/#organization","name":"Corriente Peronista Juntos por Quilmes","url":"https:\/\/juntosporquilmes.com.ar\/inicio\/","logo":{"@type":"ImageObject","inLanguage":"es","@id":"https:\/\/juntosporquilmes.com.ar\/inicio\/#\/schema\/logo\/image\/","url":"https:\/\/juntosporquilmes.com.ar\/inicio\/wp-content\/uploads\/2023\/06\/logo-jpq-2023-b.png","contentUrl":"https:\/\/juntosporquilmes.com.ar\/inicio\/wp-content\/uploads\/2023\/06\/logo-jpq-2023-b.png","width":2332,"height":645,"caption":"Corriente Peronista Juntos por Quilmes"},"image":{"@id":"https:\/\/juntosporquilmes.com.ar\/inicio\/#\/schema\/logo\/image\/"},"sameAs":["https:\/\/www.facebook.com\/juntosxquilmes\/","https:\/\/x.com\/JUNTOSXQUILMES","https:\/\/www.instagram.com\/juntos_por_quilmes\/"]},{"@type":"Person","@id":"https:\/\/juntosporquilmes.com.ar\/inicio\/#\/schema\/person\/92cffe5404a5f269643a19736afcca11","name":"admin-vdb","image":{"@type":"ImageObject","inLanguage":"es","@id":"https:\/\/secure.gravatar.com\/avatar\/a3bc68f4d20ac4e6b7246c64d9145e8058210e47d2e69a742e867048c31c224f?s=96&d=mm&r=g","url":"https:\/\/secure.gravatar.com\/avatar\/a3bc68f4d20ac4e6b7246c64d9145e8058210e47d2e69a742e867048c31c224f?s=96&d=mm&r=g","contentUrl":"https:\/\/secure.gravatar.com\/avatar\/a3bc68f4d20ac4e6b7246c64d9145e8058210e47d2e69a742e867048c31c224f?s=96&d=mm&r=g","caption":"admin-vdb"},"sameAs":["https:\/\/juntosporquilmes.com.ar\/inicio"],"url":"https:\/\/juntosporquilmes.com.ar\/inicio\/author\/admin-vdb\/"}]}},"_links":{"self":[{"href":"https:\/\/juntosporquilmes.com.ar\/inicio\/wp-json\/wp\/v2\/posts\/3663","targetHints":{"allow":["GET"]}}],"collection":[{"href":"https:\/\/juntosporquilmes.com.ar\/inicio\/wp-json\/wp\/v2\/posts"}],"about":[{"href":"https:\/\/juntosporquilmes.com.ar\/inicio\/wp-json\/wp\/v2\/types\/post"}],"author":[{"embeddable":true,"href":"https:\/\/juntosporquilmes.com.ar\/inicio\/wp-json\/wp\/v2\/users\/1"}],"replies":[{"embeddable":true,"href":"https:\/\/juntosporquilmes.com.ar\/inicio\/wp-json\/wp\/v2\/comments?post=3663"}],"version-history":[{"count":1,"href":"https:\/\/juntosporquilmes.com.ar\/inicio\/wp-json\/wp\/v2\/posts\/3663\/revisions"}],"predecessor-version":[{"id":3665,"href":"https:\/\/juntosporquilmes.com.ar\/inicio\/wp-json\/wp\/v2\/posts\/3663\/revisions\/3665"}],"wp:featuredmedia":[{"embeddable":true,"href":"https:\/\/juntosporquilmes.com.ar\/inicio\/wp-json\/wp\/v2\/media\/3666"}],"wp:attachment":[{"href":"https:\/\/juntosporquilmes.com.ar\/inicio\/wp-json\/wp\/v2\/media?parent=3663"}],"wp:term":[{"taxonomy":"category","embeddable":true,"href":"https:\/\/juntosporquilmes.com.ar\/inicio\/wp-json\/wp\/v2\/categories?post=3663"},{"taxonomy":"post_tag","embeddable":true,"href":"https:\/\/juntosporquilmes.com.ar\/inicio\/wp-json\/wp\/v2\/tags?post=3663"}],"curies":[{"name":"wp","href":"https:\/\/api.w.org\/{rel}","templated":true}]}}