{"id":3498,"date":"2023-04-01T04:17:30","date_gmt":"2023-04-01T04:17:30","guid":{"rendered":"https:\/\/juntosporquilmes.com.ar\/inicio\/?p=3498"},"modified":"2023-04-17T04:19:40","modified_gmt":"2023-04-17T04:19:40","slug":"juntos-por-quilmes-participo-del-acto-para-recordar-a-micaela-garcia","status":"publish","type":"post","link":"https:\/\/juntosporquilmes.com.ar\/inicio\/2023\/04\/juntos-por-quilmes-participo-del-acto-para-recordar-a-micaela-garcia\/","title":{"rendered":"JUNTOS POR QUILMES PARTICIP\u00d3 DEL ACTO PARA RECORDAR A MICAELA GARC\u00cdA"},"content":{"rendered":"\n<p>Bajo el lema #BastadeFemicidios, mujeres del Espacio Abierto Juntos por Quilmes y del Frente de Agrupaciones Peronismo Para Todos participaron del acto en el distrito organizado por el Movimiento Evita para recorda a Micaela Garc\u00eda al cumplirse el sexto aniversario de su femicidio.<\/p>\n\n\n\n<p>Micaela Garc\u00eda, de 21 a\u00f1os de edad, era militante del Movimiento Evita y tambi\u00e9n del movimiento \u201cNi Una Menos\u201d. El femicidio fue perpetrado por una persona condenada con una pena de 9 a\u00f1os por la violaci\u00f3n de dos mujeres, ocurrido anteriormente a la violaci\u00f3n seguida de femicidio de Micaela, mientras que se encontraba con el beneficio de libertad condicional.<\/p>\n\n\n\n<p>Micaela era una joven mujer con cientos de proyectos, con una vida que abrazaba a su comunidad, con compromiso por los derechos humanos, con la realidad que la rodeaba y con el valor de la vida.<\/p>\n\n\n\n<p>La conmoci\u00f3n social del hecho y la violencia institucional que devel\u00f3, en el marco de las movilizaciones del \u201cNi Una Menos\u201d y debates emergentes como producto de las luchas sociales y cambios socioculturales, dieron fuerza a demandas hist\u00f3ricas que exig\u00edan reconfiguraciones con fuerte dimensi\u00f3n institucional, que pusieran en primer plano la necesidad de capacitaci\u00f3n en perspectiva de g\u00e9nero a los organismos del Estado y a todas, todes y todos lxs agentes que lo conforman en sus distintos niveles y jerarqu\u00edas.<\/p>\n","protected":false},"excerpt":{"rendered":"<p>Bajo el lema #BastadeFemicidios, mujeres del Espacio Abierto Juntos por Quilmes y del Frente de Agrupaciones Peronismo Para Todos participaron del acto en el distrito organizado por el Movimiento Evita para recorda a Micaela Garc\u00eda al cumplirse el sexto aniversario de su femicidio. Micaela Garc\u00eda, de 21 a\u00f1os de edad, era militante del Movimiento Evita [&hellip;]<\/p>\n","protected":false},"author":1,"featured_media":3499,"comment_status":"open","ping_status":"open","sticky":false,"template":"","format":"standard","meta":{"footnotes":""},"categories":[10],"tags":[],"class_list":["post-3498","post","type-post","status-publish","format-standard","has-post-thumbnail","hentry","category-militancia"],"yoast_head":"<!-- This site is optimized with the Yoast SEO plugin v27.4 - https:\/\/yoast.com\/product\/yoast-seo-wordpress\/ -->\n<title>JUNTOS POR QUILMES PARTICIP\u00d3 DEL ACTO PARA RECORDAR A MICAELA GARC\u00cdA - Juntos por Quilmes<\/title>\n<meta name=\"robots\" content=\"index, follow, max-snippet:-1, max-image-preview:large, max-video-preview:-1\" \/>\n<link rel=\"canonical\" href=\"https:\/\/juntosporquilmes.com.ar\/inicio\/2023\/04\/juntos-por-quilmes-participo-del-acto-para-recordar-a-micaela-garcia\/\" \/>\n<meta property=\"og:locale\" content=\"es_ES\" \/>\n<meta property=\"og:type\" content=\"article\" \/>\n<meta property=\"og:title\" content=\"JUNTOS POR QUILMES PARTICIP\u00d3 DEL ACTO PARA RECORDAR A MICAELA GARC\u00cdA - Juntos por Quilmes\" \/>\n<meta property=\"og:description\" content=\"Bajo el lema #BastadeFemicidios, mujeres del Espacio Abierto Juntos por Quilmes y del Frente de Agrupaciones Peronismo Para Todos participaron del acto en el distrito organizado por el Movimiento Evita para recorda a Micaela Garc\u00eda al cumplirse el sexto aniversario de su femicidio. Micaela Garc\u00eda, de 21 a\u00f1os de edad, era militante del Movimiento Evita [&hellip;]\" \/>\n<meta property=\"og:url\" content=\"https:\/\/juntosporquilmes.com.ar\/inicio\/2023\/04\/juntos-por-quilmes-participo-del-acto-para-recordar-a-micaela-garcia\/\" \/>\n<meta property=\"og:site_name\" content=\"Juntos por Quilmes\" \/>\n<meta property=\"article:publisher\" content=\"https:\/\/www.facebook.com\/juntosxquilmes\/\" \/>\n<meta property=\"article:published_time\" content=\"2023-04-01T04:17:30+00:00\" \/>\n<meta property=\"article:modified_time\" content=\"2023-04-17T04:19:40+00:00\" \/>\n<meta property=\"og:image\" content=\"https:\/\/juntosporquilmes.com.ar\/inicio\/wp-content\/uploads\/2023\/04\/mg.jpg\" \/>\n\t<meta property=\"og:image:width\" content=\"1134\" \/>\n\t<meta property=\"og:image:height\" content=\"709\" \/>\n\t<meta property=\"og:image:type\" content=\"image\/jpeg\" \/>\n<meta name=\"author\" content=\"admin-vdb\" \/>\n<meta name=\"twitter:card\" content=\"summary_large_image\" \/>\n<meta name=\"twitter:creator\" content=\"@JUNTOSXQUILMES\" \/>\n<meta name=\"twitter:site\" content=\"@JUNTOSXQUILMES\" \/>\n<script type=\"application\/ld+json\" class=\"yoast-schema-graph\">{\"@context\":\"https:\\\/\\\/schema.org\",\"@graph\":[{\"@type\":\"Article\",\"@id\":\"https:\\\/\\\/juntosporquilmes.com.ar\\\/inicio\\\/2023\\\/04\\\/juntos-por-quilmes-participo-del-acto-para-recordar-a-micaela-garcia\\\/#article\",\"isPartOf\":{\"@id\":\"https:\\\/\\\/juntosporquilmes.com.ar\\\/inicio\\\/2023\\\/04\\\/juntos-por-quilmes-participo-del-acto-para-recordar-a-micaela-garcia\\\/\"},\"author\":{\"name\":\"admin-vdb\",\"@id\":\"https:\\\/\\\/juntosporquilmes.com.ar\\\/inicio\\\/#\\\/schema\\\/person\\\/92cffe5404a5f269643a19736afcca11\"},\"headline\":\"JUNTOS POR QUILMES PARTICIP\u00d3 DEL ACTO PARA RECORDAR A MICAELA GARC\u00cdA\",\"datePublished\":\"2023-04-01T04:17:30+00:00\",\"dateModified\":\"2023-04-17T04:19:40+00:00\",\"mainEntityOfPage\":{\"@id\":\"https:\\\/\\\/juntosporquilmes.com.ar\\\/inicio\\\/2023\\\/04\\\/juntos-por-quilmes-participo-del-acto-para-recordar-a-micaela-garcia\\\/\"},\"wordCount\":242,\"commentCount\":0,\"publisher\":{\"@id\":\"https:\\\/\\\/juntosporquilmes.com.ar\\\/inicio\\\/#organization\"},\"image\":{\"@id\":\"https:\\\/\\\/juntosporquilmes.com.ar\\\/inicio\\\/2023\\\/04\\\/juntos-por-quilmes-participo-del-acto-para-recordar-a-micaela-garcia\\\/#primaryimage\"},\"thumbnailUrl\":\"https:\\\/\\\/juntosporquilmes.com.ar\\\/inicio\\\/wp-content\\\/uploads\\\/2023\\\/04\\\/mg.jpg\",\"articleSection\":[\"MILITANCIA\"],\"inLanguage\":\"es\",\"potentialAction\":[{\"@type\":\"CommentAction\",\"name\":\"Comment\",\"target\":[\"https:\\\/\\\/juntosporquilmes.com.ar\\\/inicio\\\/2023\\\/04\\\/juntos-por-quilmes-participo-del-acto-para-recordar-a-micaela-garcia\\\/#respond\"]}]},{\"@type\":\"WebPage\",\"@id\":\"https:\\\/\\\/juntosporquilmes.com.ar\\\/inicio\\\/2023\\\/04\\\/juntos-por-quilmes-participo-del-acto-para-recordar-a-micaela-garcia\\\/\",\"url\":\"https:\\\/\\\/juntosporquilmes.com.ar\\\/inicio\\\/2023\\\/04\\\/juntos-por-quilmes-participo-del-acto-para-recordar-a-micaela-garcia\\\/\",\"name\":\"JUNTOS POR QUILMES PARTICIP\u00d3 DEL ACTO PARA RECORDAR A MICAELA GARC\u00cdA - Juntos por Quilmes\",\"isPartOf\":{\"@id\":\"https:\\\/\\\/juntosporquilmes.com.ar\\\/inicio\\\/#website\"},\"primaryImageOfPage\":{\"@id\":\"https:\\\/\\\/juntosporquilmes.com.ar\\\/inicio\\\/2023\\\/04\\\/juntos-por-quilmes-participo-del-acto-para-recordar-a-micaela-garcia\\\/#primaryimage\"},\"image\":{\"@id\":\"https:\\\/\\\/juntosporquilmes.com.ar\\\/inicio\\\/2023\\\/04\\\/juntos-por-quilmes-participo-del-acto-para-recordar-a-micaela-garcia\\\/#primaryimage\"},\"thumbnailUrl\":\"https:\\\/\\\/juntosporquilmes.com.ar\\\/inicio\\\/wp-content\\\/uploads\\\/2023\\\/04\\\/mg.jpg\",\"datePublished\":\"2023-04-01T04:17:30+00:00\",\"dateModified\":\"2023-04-17T04:19:40+00:00\",\"breadcrumb\":{\"@id\":\"https:\\\/\\\/juntosporquilmes.com.ar\\\/inicio\\\/2023\\\/04\\\/juntos-por-quilmes-participo-del-acto-para-recordar-a-micaela-garcia\\\/#breadcrumb\"},\"inLanguage\":\"es\",\"potentialAction\":[{\"@type\":\"ReadAction\",\"target\":[\"https:\\\/\\\/juntosporquilmes.com.ar\\\/inicio\\\/2023\\\/04\\\/juntos-por-quilmes-participo-del-acto-para-recordar-a-micaela-garcia\\\/\"]}]},{\"@type\":\"ImageObject\",\"inLanguage\":\"es\",\"@id\":\"https:\\\/\\\/juntosporquilmes.com.ar\\\/inicio\\\/2023\\\/04\\\/juntos-por-quilmes-participo-del-acto-para-recordar-a-micaela-garcia\\\/#primaryimage\",\"url\":\"https:\\\/\\\/juntosporquilmes.com.ar\\\/inicio\\\/wp-content\\\/uploads\\\/2023\\\/04\\\/mg.jpg\",\"contentUrl\":\"https:\\\/\\\/juntosporquilmes.com.ar\\\/inicio\\\/wp-content\\\/uploads\\\/2023\\\/04\\\/mg.jpg\",\"width\":1134,\"height\":709},{\"@type\":\"BreadcrumbList\",\"@id\":\"https:\\\/\\\/juntosporquilmes.com.ar\\\/inicio\\\/2023\\\/04\\\/juntos-por-quilmes-participo-del-acto-para-recordar-a-micaela-garcia\\\/#breadcrumb\",\"itemListElement\":[{\"@type\":\"ListItem\",\"position\":1,\"name\":\"Portada\",\"item\":\"https:\\\/\\\/juntosporquilmes.com.ar\\\/inicio\\\/\"},{\"@type\":\"ListItem\",\"position\":2,\"name\":\"JUNTOS POR QUILMES PARTICIP\u00d3 DEL ACTO PARA RECORDAR A MICAELA GARC\u00cdA\"}]},{\"@type\":\"WebSite\",\"@id\":\"https:\\\/\\\/juntosporquilmes.com.ar\\\/inicio\\\/#website\",\"url\":\"https:\\\/\\\/juntosporquilmes.com.ar\\\/inicio\\\/\",\"name\":\"Juntos por Quilmes\",\"description\":\"Corriente Peronista Juntos por Quilmes\",\"publisher\":{\"@id\":\"https:\\\/\\\/juntosporquilmes.com.ar\\\/inicio\\\/#organization\"},\"potentialAction\":[{\"@type\":\"SearchAction\",\"target\":{\"@type\":\"EntryPoint\",\"urlTemplate\":\"https:\\\/\\\/juntosporquilmes.com.ar\\\/inicio\\\/?s={search_term_string}\"},\"query-input\":{\"@type\":\"PropertyValueSpecification\",\"valueRequired\":true,\"valueName\":\"search_term_string\"}}],\"inLanguage\":\"es\"},{\"@type\":\"Organization\",\"@id\":\"https:\\\/\\\/juntosporquilmes.com.ar\\\/inicio\\\/#organization\",\"name\":\"Corriente Peronista Juntos por Quilmes\",\"url\":\"https:\\\/\\\/juntosporquilmes.com.ar\\\/inicio\\\/\",\"logo\":{\"@type\":\"ImageObject\",\"inLanguage\":\"es\",\"@id\":\"https:\\\/\\\/juntosporquilmes.com.ar\\\/inicio\\\/#\\\/schema\\\/logo\\\/image\\\/\",\"url\":\"https:\\\/\\\/juntosporquilmes.com.ar\\\/inicio\\\/wp-content\\\/uploads\\\/2023\\\/06\\\/logo-jpq-2023-b.png\",\"contentUrl\":\"https:\\\/\\\/juntosporquilmes.com.ar\\\/inicio\\\/wp-content\\\/uploads\\\/2023\\\/06\\\/logo-jpq-2023-b.png\",\"width\":2332,\"height\":645,\"caption\":\"Corriente Peronista Juntos por Quilmes\"},\"image\":{\"@id\":\"https:\\\/\\\/juntosporquilmes.com.ar\\\/inicio\\\/#\\\/schema\\\/logo\\\/image\\\/\"},\"sameAs\":[\"https:\\\/\\\/www.facebook.com\\\/juntosxquilmes\\\/\",\"https:\\\/\\\/x.com\\\/JUNTOSXQUILMES\",\"https:\\\/\\\/www.instagram.com\\\/juntos_por_quilmes\\\/\"]},{\"@type\":\"Person\",\"@id\":\"https:\\\/\\\/juntosporquilmes.com.ar\\\/inicio\\\/#\\\/schema\\\/person\\\/92cffe5404a5f269643a19736afcca11\",\"name\":\"admin-vdb\",\"image\":{\"@type\":\"ImageObject\",\"inLanguage\":\"es\",\"@id\":\"https:\\\/\\\/secure.gravatar.com\\\/avatar\\\/a3bc68f4d20ac4e6b7246c64d9145e8058210e47d2e69a742e867048c31c224f?s=96&d=mm&r=g\",\"url\":\"https:\\\/\\\/secure.gravatar.com\\\/avatar\\\/a3bc68f4d20ac4e6b7246c64d9145e8058210e47d2e69a742e867048c31c224f?s=96&d=mm&r=g\",\"contentUrl\":\"https:\\\/\\\/secure.gravatar.com\\\/avatar\\\/a3bc68f4d20ac4e6b7246c64d9145e8058210e47d2e69a742e867048c31c224f?s=96&d=mm&r=g\",\"caption\":\"admin-vdb\"},\"sameAs\":[\"https:\\\/\\\/juntosporquilmes.com.ar\\\/inicio\"],\"url\":\"https:\\\/\\\/juntosporquilmes.com.ar\\\/inicio\\\/author\\\/admin-vdb\\\/\"}]}<\/script>\n<!-- \/ Yoast SEO plugin. -->","yoast_head_json":{"title":"JUNTOS POR QUILMES PARTICIP\u00d3 DEL ACTO PARA RECORDAR A MICAELA GARC\u00cdA - Juntos por Quilmes","robots":{"index":"index","follow":"follow","max-snippet":"max-snippet:-1","max-image-preview":"max-image-preview:large","max-video-preview":"max-video-preview:-1"},"canonical":"https:\/\/juntosporquilmes.com.ar\/inicio\/2023\/04\/juntos-por-quilmes-participo-del-acto-para-recordar-a-micaela-garcia\/","og_locale":"es_ES","og_type":"article","og_title":"JUNTOS POR QUILMES PARTICIP\u00d3 DEL ACTO PARA RECORDAR A MICAELA GARC\u00cdA - Juntos por Quilmes","og_description":"Bajo el lema #BastadeFemicidios, mujeres del Espacio Abierto Juntos por Quilmes y del Frente de Agrupaciones Peronismo Para Todos participaron del acto en el distrito organizado por el Movimiento Evita para recorda a Micaela Garc\u00eda al cumplirse el sexto aniversario de su femicidio. Micaela Garc\u00eda, de 21 a\u00f1os de edad, era militante del Movimiento Evita [&hellip;]","og_url":"https:\/\/juntosporquilmes.com.ar\/inicio\/2023\/04\/juntos-por-quilmes-participo-del-acto-para-recordar-a-micaela-garcia\/","og_site_name":"Juntos por Quilmes","article_publisher":"https:\/\/www.facebook.com\/juntosxquilmes\/","article_published_time":"2023-04-01T04:17:30+00:00","article_modified_time":"2023-04-17T04:19:40+00:00","og_image":[{"width":1134,"height":709,"url":"https:\/\/juntosporquilmes.com.ar\/inicio\/wp-content\/uploads\/2023\/04\/mg.jpg","type":"image\/jpeg"}],"author":"admin-vdb","twitter_card":"summary_large_image","twitter_creator":"@JUNTOSXQUILMES","twitter_site":"@JUNTOSXQUILMES","schema":{"@context":"https:\/\/schema.org","@graph":[{"@type":"Article","@id":"https:\/\/juntosporquilmes.com.ar\/inicio\/2023\/04\/juntos-por-quilmes-participo-del-acto-para-recordar-a-micaela-garcia\/#article","isPartOf":{"@id":"https:\/\/juntosporquilmes.com.ar\/inicio\/2023\/04\/juntos-por-quilmes-participo-del-acto-para-recordar-a-micaela-garcia\/"},"author":{"name":"admin-vdb","@id":"https:\/\/juntosporquilmes.com.ar\/inicio\/#\/schema\/person\/92cffe5404a5f269643a19736afcca11"},"headline":"JUNTOS POR QUILMES PARTICIP\u00d3 DEL ACTO PARA RECORDAR A MICAELA GARC\u00cdA","datePublished":"2023-04-01T04:17:30+00:00","dateModified":"2023-04-17T04:19:40+00:00","mainEntityOfPage":{"@id":"https:\/\/juntosporquilmes.com.ar\/inicio\/2023\/04\/juntos-por-quilmes-participo-del-acto-para-recordar-a-micaela-garcia\/"},"wordCount":242,"commentCount":0,"publisher":{"@id":"https:\/\/juntosporquilmes.com.ar\/inicio\/#organization"},"image":{"@id":"https:\/\/juntosporquilmes.com.ar\/inicio\/2023\/04\/juntos-por-quilmes-participo-del-acto-para-recordar-a-micaela-garcia\/#primaryimage"},"thumbnailUrl":"https:\/\/juntosporquilmes.com.ar\/inicio\/wp-content\/uploads\/2023\/04\/mg.jpg","articleSection":["MILITANCIA"],"inLanguage":"es","potentialAction":[{"@type":"CommentAction","name":"Comment","target":["https:\/\/juntosporquilmes.com.ar\/inicio\/2023\/04\/juntos-por-quilmes-participo-del-acto-para-recordar-a-micaela-garcia\/#respond"]}]},{"@type":"WebPage","@id":"https:\/\/juntosporquilmes.com.ar\/inicio\/2023\/04\/juntos-por-quilmes-participo-del-acto-para-recordar-a-micaela-garcia\/","url":"https:\/\/juntosporquilmes.com.ar\/inicio\/2023\/04\/juntos-por-quilmes-participo-del-acto-para-recordar-a-micaela-garcia\/","name":"JUNTOS POR QUILMES PARTICIP\u00d3 DEL ACTO PARA RECORDAR A MICAELA GARC\u00cdA - Juntos por Quilmes","isPartOf":{"@id":"https:\/\/juntosporquilmes.com.ar\/inicio\/#website"},"primaryImageOfPage":{"@id":"https:\/\/juntosporquilmes.com.ar\/inicio\/2023\/04\/juntos-por-quilmes-participo-del-acto-para-recordar-a-micaela-garcia\/#primaryimage"},"image":{"@id":"https:\/\/juntosporquilmes.com.ar\/inicio\/2023\/04\/juntos-por-quilmes-participo-del-acto-para-recordar-a-micaela-garcia\/#primaryimage"},"thumbnailUrl":"https:\/\/juntosporquilmes.com.ar\/inicio\/wp-content\/uploads\/2023\/04\/mg.jpg","datePublished":"2023-04-01T04:17:30+00:00","dateModified":"2023-04-17T04:19:40+00:00","breadcrumb":{"@id":"https:\/\/juntosporquilmes.com.ar\/inicio\/2023\/04\/juntos-por-quilmes-participo-del-acto-para-recordar-a-micaela-garcia\/#breadcrumb"},"inLanguage":"es","potentialAction":[{"@type":"ReadAction","target":["https:\/\/juntosporquilmes.com.ar\/inicio\/2023\/04\/juntos-por-quilmes-participo-del-acto-para-recordar-a-micaela-garcia\/"]}]},{"@type":"ImageObject","inLanguage":"es","@id":"https:\/\/juntosporquilmes.com.ar\/inicio\/2023\/04\/juntos-por-quilmes-participo-del-acto-para-recordar-a-micaela-garcia\/#primaryimage","url":"https:\/\/juntosporquilmes.com.ar\/inicio\/wp-content\/uploads\/2023\/04\/mg.jpg","contentUrl":"https:\/\/juntosporquilmes.com.ar\/inicio\/wp-content\/uploads\/2023\/04\/mg.jpg","width":1134,"height":709},{"@type":"BreadcrumbList","@id":"https:\/\/juntosporquilmes.com.ar\/inicio\/2023\/04\/juntos-por-quilmes-participo-del-acto-para-recordar-a-micaela-garcia\/#breadcrumb","itemListElement":[{"@type":"ListItem","position":1,"name":"Portada","item":"https:\/\/juntosporquilmes.com.ar\/inicio\/"},{"@type":"ListItem","position":2,"name":"JUNTOS POR QUILMES PARTICIP\u00d3 DEL ACTO PARA RECORDAR A MICAELA GARC\u00cdA"}]},{"@type":"WebSite","@id":"https:\/\/juntosporquilmes.com.ar\/inicio\/#website","url":"https:\/\/juntosporquilmes.com.ar\/inicio\/","name":"Juntos por Quilmes","description":"Corriente Peronista Juntos por Quilmes","publisher":{"@id":"https:\/\/juntosporquilmes.com.ar\/inicio\/#organization"},"potentialAction":[{"@type":"SearchAction","target":{"@type":"EntryPoint","urlTemplate":"https:\/\/juntosporquilmes.com.ar\/inicio\/?s={search_term_string}"},"query-input":{"@type":"PropertyValueSpecification","valueRequired":true,"valueName":"search_term_string"}}],"inLanguage":"es"},{"@type":"Organization","@id":"https:\/\/juntosporquilmes.com.ar\/inicio\/#organization","name":"Corriente Peronista Juntos por Quilmes","url":"https:\/\/juntosporquilmes.com.ar\/inicio\/","logo":{"@type":"ImageObject","inLanguage":"es","@id":"https:\/\/juntosporquilmes.com.ar\/inicio\/#\/schema\/logo\/image\/","url":"https:\/\/juntosporquilmes.com.ar\/inicio\/wp-content\/uploads\/2023\/06\/logo-jpq-2023-b.png","contentUrl":"https:\/\/juntosporquilmes.com.ar\/inicio\/wp-content\/uploads\/2023\/06\/logo-jpq-2023-b.png","width":2332,"height":645,"caption":"Corriente Peronista Juntos por Quilmes"},"image":{"@id":"https:\/\/juntosporquilmes.com.ar\/inicio\/#\/schema\/logo\/image\/"},"sameAs":["https:\/\/www.facebook.com\/juntosxquilmes\/","https:\/\/x.com\/JUNTOSXQUILMES","https:\/\/www.instagram.com\/juntos_por_quilmes\/"]},{"@type":"Person","@id":"https:\/\/juntosporquilmes.com.ar\/inicio\/#\/schema\/person\/92cffe5404a5f269643a19736afcca11","name":"admin-vdb","image":{"@type":"ImageObject","inLanguage":"es","@id":"https:\/\/secure.gravatar.com\/avatar\/a3bc68f4d20ac4e6b7246c64d9145e8058210e47d2e69a742e867048c31c224f?s=96&d=mm&r=g","url":"https:\/\/secure.gravatar.com\/avatar\/a3bc68f4d20ac4e6b7246c64d9145e8058210e47d2e69a742e867048c31c224f?s=96&d=mm&r=g","contentUrl":"https:\/\/secure.gravatar.com\/avatar\/a3bc68f4d20ac4e6b7246c64d9145e8058210e47d2e69a742e867048c31c224f?s=96&d=mm&r=g","caption":"admin-vdb"},"sameAs":["https:\/\/juntosporquilmes.com.ar\/inicio"],"url":"https:\/\/juntosporquilmes.com.ar\/inicio\/author\/admin-vdb\/"}]}},"_links":{"self":[{"href":"https:\/\/juntosporquilmes.com.ar\/inicio\/wp-json\/wp\/v2\/posts\/3498","targetHints":{"allow":["GET"]}}],"collection":[{"href":"https:\/\/juntosporquilmes.com.ar\/inicio\/wp-json\/wp\/v2\/posts"}],"about":[{"href":"https:\/\/juntosporquilmes.com.ar\/inicio\/wp-json\/wp\/v2\/types\/post"}],"author":[{"embeddable":true,"href":"https:\/\/juntosporquilmes.com.ar\/inicio\/wp-json\/wp\/v2\/users\/1"}],"replies":[{"embeddable":true,"href":"https:\/\/juntosporquilmes.com.ar\/inicio\/wp-json\/wp\/v2\/comments?post=3498"}],"version-history":[{"count":1,"href":"https:\/\/juntosporquilmes.com.ar\/inicio\/wp-json\/wp\/v2\/posts\/3498\/revisions"}],"predecessor-version":[{"id":3500,"href":"https:\/\/juntosporquilmes.com.ar\/inicio\/wp-json\/wp\/v2\/posts\/3498\/revisions\/3500"}],"wp:featuredmedia":[{"embeddable":true,"href":"https:\/\/juntosporquilmes.com.ar\/inicio\/wp-json\/wp\/v2\/media\/3499"}],"wp:attachment":[{"href":"https:\/\/juntosporquilmes.com.ar\/inicio\/wp-json\/wp\/v2\/media?parent=3498"}],"wp:term":[{"taxonomy":"category","embeddable":true,"href":"https:\/\/juntosporquilmes.com.ar\/inicio\/wp-json\/wp\/v2\/categories?post=3498"},{"taxonomy":"post_tag","embeddable":true,"href":"https:\/\/juntosporquilmes.com.ar\/inicio\/wp-json\/wp\/v2\/tags?post=3498"}],"curies":[{"name":"wp","href":"https:\/\/api.w.org\/{rel}","templated":true}]}}