{"id":2731,"date":"2022-06-14T16:21:10","date_gmt":"2022-06-14T16:21:10","guid":{"rendered":"https:\/\/juntosporquilmes.com.ar\/inicio\/?p=2731"},"modified":"2022-06-14T16:21:11","modified_gmt":"2022-06-14T16:21:11","slug":"jose-luis-contreras-recordo-a-los-martires-de-1956-y-a-los-heroes-de-malvinas","status":"publish","type":"post","link":"https:\/\/juntosporquilmes.com.ar\/inicio\/2022\/06\/jose-luis-contreras-recordo-a-los-martires-de-1956-y-a-los-heroes-de-malvinas\/","title":{"rendered":"JOS\u00c9 LUIS CONTRERAS RECORD\u00d3 A LOS M\u00c1RTIRES DE 1956 Y A LOS H\u00c9ROES DE MALVINAS"},"content":{"rendered":"\n<p>El concejal del Frente de Todos, <strong>Jos\u00e9 Luis Contreras<\/strong>, record\u00f3 en la sesi\u00f3n ordinaria de este martes al General Juan Jos\u00e9 Valle, a 66 a\u00f1os de los fusilamientos del 9 de junio de 1956; como as\u00ed tambi\u00e9n a los h\u00e9roes de Malvinas, en el marco<\/p>\n\n\n\n<p>Fue precisamente al momento de los homenajes, cuando el edil se sum\u00f3 al recuerdo de los fusilamientos de Jos\u00e9 Le\u00f3n Su\u00e1rez. En ese sentido, record\u00f3 las palabras del General Juan Jos\u00e9 Valle en su carta del 12 de junio de 1956.<\/p>\n\n\n\n<p><em>&nbsp;\u201cDentro de pocas horas usted tendr\u00e1 la satisfacci\u00f3n de haberme asesinado. Debo a mi Patria la declaraci\u00f3n fidedigna de los acontecimientos. Declaro que un grupo de marinos y de militares, movidos por ustedes mismos, son los \u00fanicos responsables de lo acaecido\u201d.<\/em><\/p>\n\n\n\n<p><em>\u201dPara liquidar opositores les pareci\u00f3 digno inducirnos al levantamiento y sacrificarnos luego fr\u00edamente. Nos falt\u00f3 astucia o perversidad para adivinar la treta\u201d.<\/em><\/p>\n\n\n\n<p><em>\u201cComo cristiano me presento ante Dios, que muri\u00f3 ajusticiado, perdonando a mis asesinos, y como argentino, derramo mi sangre por la causa del pueblo humilde, por la justicia y la libertad de todos no s\u00f3lo de minor\u00edas privilegiadas. Espero que el pueblo conozca un d\u00eda esta carta y la proclama revolucionaria en las que quedan nuestros ideales en forma intergiversable. As\u00ed nadie podr\u00e1 ser embaucado por el c\u00famulo de mentiras contradictorias y rid\u00edculas con que el gobierno trata de cohonestar esta ola de matanzas y lavarse las manos sucias en sangre. Ruego a Dios que mi sangre sirva para unir a los argentinos. Viva la patria\u201d.<\/em><\/p>\n\n\n\n<p>Por otra parte, Contreras record\u00f3 que \u201cel 10 de junio fue el D\u00eda de la Afirmaci\u00f3n de los Derechos Argentinos sobre las Malvinas, e Islas y Sector Ant\u00e1rtico; y 14 de junio de 1982 fue el cese de hostilidades\u201d.<\/p>\n\n\n\n<p>\u201cSer\u00e1 eterno nuestro agradecimiento a aquellos H\u00e9roes, que dejaron todo\u2026 hasta su vida, por nuestra Patria, en pos de nuestro genuino y constante reclamo de nuestras islas\u2026 Las Islas Malvinas fueron, son y ser\u00e1n argentinas\u201d, concluy\u00f3 el integrante de <strong>Juntos por Quilmes y del Frente de Agrupaciones Peronismo para Todos.<\/strong><\/p>\n\n\n\n<p><strong><em>Foto: Marcela M\u00e9ndez<\/em><\/strong><\/p>\n","protected":false},"excerpt":{"rendered":"<p>El concejal del Frente de Todos, Jos\u00e9 Luis Contreras, record\u00f3 en la sesi\u00f3n ordinaria de este martes al General Juan Jos\u00e9 Valle, a 66 a\u00f1os de los fusilamientos del 9 de junio de 1956; como as\u00ed tambi\u00e9n a los h\u00e9roes de Malvinas, en el marco Fue precisamente al momento de los homenajes, cuando el edil [&hellip;]<\/p>\n","protected":false},"author":1,"featured_media":2732,"comment_status":"open","ping_status":"open","sticky":false,"template":"","format":"standard","meta":{"footnotes":""},"categories":[10],"tags":[],"class_list":["post-2731","post","type-post","status-publish","format-standard","has-post-thumbnail","hentry","category-militancia"],"yoast_head":"<!-- This site is optimized with the Yoast SEO plugin v27.4 - https:\/\/yoast.com\/product\/yoast-seo-wordpress\/ -->\n<title>JOS\u00c9 LUIS CONTRERAS RECORD\u00d3 A LOS M\u00c1RTIRES DE 1956 Y A LOS H\u00c9ROES DE MALVINAS - Juntos por Quilmes<\/title>\n<meta name=\"robots\" content=\"index, follow, max-snippet:-1, max-image-preview:large, max-video-preview:-1\" \/>\n<link rel=\"canonical\" href=\"https:\/\/juntosporquilmes.com.ar\/inicio\/2022\/06\/jose-luis-contreras-recordo-a-los-martires-de-1956-y-a-los-heroes-de-malvinas\/\" \/>\n<meta property=\"og:locale\" content=\"es_ES\" \/>\n<meta property=\"og:type\" content=\"article\" \/>\n<meta property=\"og:title\" content=\"JOS\u00c9 LUIS CONTRERAS RECORD\u00d3 A LOS M\u00c1RTIRES DE 1956 Y A LOS H\u00c9ROES DE MALVINAS - Juntos por Quilmes\" \/>\n<meta property=\"og:description\" content=\"El concejal del Frente de Todos, Jos\u00e9 Luis Contreras, record\u00f3 en la sesi\u00f3n ordinaria de este martes al General Juan Jos\u00e9 Valle, a 66 a\u00f1os de los fusilamientos del 9 de junio de 1956; como as\u00ed tambi\u00e9n a los h\u00e9roes de Malvinas, en el marco Fue precisamente al momento de los homenajes, cuando el edil [&hellip;]\" \/>\n<meta property=\"og:url\" content=\"https:\/\/juntosporquilmes.com.ar\/inicio\/2022\/06\/jose-luis-contreras-recordo-a-los-martires-de-1956-y-a-los-heroes-de-malvinas\/\" \/>\n<meta property=\"og:site_name\" content=\"Juntos por Quilmes\" \/>\n<meta property=\"article:publisher\" content=\"https:\/\/www.facebook.com\/juntosxquilmes\/\" \/>\n<meta property=\"article:published_time\" content=\"2022-06-14T16:21:10+00:00\" \/>\n<meta property=\"article:modified_time\" content=\"2022-06-14T16:21:11+00:00\" \/>\n<meta property=\"og:image\" content=\"https:\/\/juntosporquilmes.com.ar\/inicio\/wp-content\/uploads\/2022\/06\/jose-luis-contreras.jpg\" \/>\n\t<meta property=\"og:image:width\" content=\"1134\" \/>\n\t<meta property=\"og:image:height\" content=\"1020\" \/>\n\t<meta property=\"og:image:type\" content=\"image\/jpeg\" \/>\n<meta name=\"author\" content=\"admin-vdb\" \/>\n<meta name=\"twitter:card\" content=\"summary_large_image\" \/>\n<meta name=\"twitter:creator\" content=\"@JUNTOSXQUILMES\" \/>\n<meta name=\"twitter:site\" content=\"@JUNTOSXQUILMES\" \/>\n<script type=\"application\/ld+json\" class=\"yoast-schema-graph\">{\"@context\":\"https:\\\/\\\/schema.org\",\"@graph\":[{\"@type\":\"Article\",\"@id\":\"https:\\\/\\\/juntosporquilmes.com.ar\\\/inicio\\\/2022\\\/06\\\/jose-luis-contreras-recordo-a-los-martires-de-1956-y-a-los-heroes-de-malvinas\\\/#article\",\"isPartOf\":{\"@id\":\"https:\\\/\\\/juntosporquilmes.com.ar\\\/inicio\\\/2022\\\/06\\\/jose-luis-contreras-recordo-a-los-martires-de-1956-y-a-los-heroes-de-malvinas\\\/\"},\"author\":{\"name\":\"admin-vdb\",\"@id\":\"https:\\\/\\\/juntosporquilmes.com.ar\\\/inicio\\\/#\\\/schema\\\/person\\\/92cffe5404a5f269643a19736afcca11\"},\"headline\":\"JOS\u00c9 LUIS CONTRERAS RECORD\u00d3 A LOS M\u00c1RTIRES DE 1956 Y A LOS H\u00c9ROES DE MALVINAS\",\"datePublished\":\"2022-06-14T16:21:10+00:00\",\"dateModified\":\"2022-06-14T16:21:11+00:00\",\"mainEntityOfPage\":{\"@id\":\"https:\\\/\\\/juntosporquilmes.com.ar\\\/inicio\\\/2022\\\/06\\\/jose-luis-contreras-recordo-a-los-martires-de-1956-y-a-los-heroes-de-malvinas\\\/\"},\"wordCount\":376,\"commentCount\":0,\"publisher\":{\"@id\":\"https:\\\/\\\/juntosporquilmes.com.ar\\\/inicio\\\/#organization\"},\"image\":{\"@id\":\"https:\\\/\\\/juntosporquilmes.com.ar\\\/inicio\\\/2022\\\/06\\\/jose-luis-contreras-recordo-a-los-martires-de-1956-y-a-los-heroes-de-malvinas\\\/#primaryimage\"},\"thumbnailUrl\":\"https:\\\/\\\/juntosporquilmes.com.ar\\\/inicio\\\/wp-content\\\/uploads\\\/2022\\\/06\\\/jose-luis-contreras.jpg\",\"articleSection\":[\"MILITANCIA\"],\"inLanguage\":\"es\",\"potentialAction\":[{\"@type\":\"CommentAction\",\"name\":\"Comment\",\"target\":[\"https:\\\/\\\/juntosporquilmes.com.ar\\\/inicio\\\/2022\\\/06\\\/jose-luis-contreras-recordo-a-los-martires-de-1956-y-a-los-heroes-de-malvinas\\\/#respond\"]}]},{\"@type\":\"WebPage\",\"@id\":\"https:\\\/\\\/juntosporquilmes.com.ar\\\/inicio\\\/2022\\\/06\\\/jose-luis-contreras-recordo-a-los-martires-de-1956-y-a-los-heroes-de-malvinas\\\/\",\"url\":\"https:\\\/\\\/juntosporquilmes.com.ar\\\/inicio\\\/2022\\\/06\\\/jose-luis-contreras-recordo-a-los-martires-de-1956-y-a-los-heroes-de-malvinas\\\/\",\"name\":\"JOS\u00c9 LUIS CONTRERAS RECORD\u00d3 A LOS M\u00c1RTIRES DE 1956 Y A LOS H\u00c9ROES DE MALVINAS - Juntos por Quilmes\",\"isPartOf\":{\"@id\":\"https:\\\/\\\/juntosporquilmes.com.ar\\\/inicio\\\/#website\"},\"primaryImageOfPage\":{\"@id\":\"https:\\\/\\\/juntosporquilmes.com.ar\\\/inicio\\\/2022\\\/06\\\/jose-luis-contreras-recordo-a-los-martires-de-1956-y-a-los-heroes-de-malvinas\\\/#primaryimage\"},\"image\":{\"@id\":\"https:\\\/\\\/juntosporquilmes.com.ar\\\/inicio\\\/2022\\\/06\\\/jose-luis-contreras-recordo-a-los-martires-de-1956-y-a-los-heroes-de-malvinas\\\/#primaryimage\"},\"thumbnailUrl\":\"https:\\\/\\\/juntosporquilmes.com.ar\\\/inicio\\\/wp-content\\\/uploads\\\/2022\\\/06\\\/jose-luis-contreras.jpg\",\"datePublished\":\"2022-06-14T16:21:10+00:00\",\"dateModified\":\"2022-06-14T16:21:11+00:00\",\"breadcrumb\":{\"@id\":\"https:\\\/\\\/juntosporquilmes.com.ar\\\/inicio\\\/2022\\\/06\\\/jose-luis-contreras-recordo-a-los-martires-de-1956-y-a-los-heroes-de-malvinas\\\/#breadcrumb\"},\"inLanguage\":\"es\",\"potentialAction\":[{\"@type\":\"ReadAction\",\"target\":[\"https:\\\/\\\/juntosporquilmes.com.ar\\\/inicio\\\/2022\\\/06\\\/jose-luis-contreras-recordo-a-los-martires-de-1956-y-a-los-heroes-de-malvinas\\\/\"]}]},{\"@type\":\"ImageObject\",\"inLanguage\":\"es\",\"@id\":\"https:\\\/\\\/juntosporquilmes.com.ar\\\/inicio\\\/2022\\\/06\\\/jose-luis-contreras-recordo-a-los-martires-de-1956-y-a-los-heroes-de-malvinas\\\/#primaryimage\",\"url\":\"https:\\\/\\\/juntosporquilmes.com.ar\\\/inicio\\\/wp-content\\\/uploads\\\/2022\\\/06\\\/jose-luis-contreras.jpg\",\"contentUrl\":\"https:\\\/\\\/juntosporquilmes.com.ar\\\/inicio\\\/wp-content\\\/uploads\\\/2022\\\/06\\\/jose-luis-contreras.jpg\",\"width\":1134,\"height\":1020},{\"@type\":\"BreadcrumbList\",\"@id\":\"https:\\\/\\\/juntosporquilmes.com.ar\\\/inicio\\\/2022\\\/06\\\/jose-luis-contreras-recordo-a-los-martires-de-1956-y-a-los-heroes-de-malvinas\\\/#breadcrumb\",\"itemListElement\":[{\"@type\":\"ListItem\",\"position\":1,\"name\":\"Portada\",\"item\":\"https:\\\/\\\/juntosporquilmes.com.ar\\\/inicio\\\/\"},{\"@type\":\"ListItem\",\"position\":2,\"name\":\"JOS\u00c9 LUIS CONTRERAS RECORD\u00d3 A LOS M\u00c1RTIRES DE 1956 Y A LOS H\u00c9ROES DE MALVINAS\"}]},{\"@type\":\"WebSite\",\"@id\":\"https:\\\/\\\/juntosporquilmes.com.ar\\\/inicio\\\/#website\",\"url\":\"https:\\\/\\\/juntosporquilmes.com.ar\\\/inicio\\\/\",\"name\":\"Juntos por Quilmes\",\"description\":\"Corriente Peronista Juntos por Quilmes\",\"publisher\":{\"@id\":\"https:\\\/\\\/juntosporquilmes.com.ar\\\/inicio\\\/#organization\"},\"potentialAction\":[{\"@type\":\"SearchAction\",\"target\":{\"@type\":\"EntryPoint\",\"urlTemplate\":\"https:\\\/\\\/juntosporquilmes.com.ar\\\/inicio\\\/?s={search_term_string}\"},\"query-input\":{\"@type\":\"PropertyValueSpecification\",\"valueRequired\":true,\"valueName\":\"search_term_string\"}}],\"inLanguage\":\"es\"},{\"@type\":\"Organization\",\"@id\":\"https:\\\/\\\/juntosporquilmes.com.ar\\\/inicio\\\/#organization\",\"name\":\"Corriente Peronista Juntos por Quilmes\",\"url\":\"https:\\\/\\\/juntosporquilmes.com.ar\\\/inicio\\\/\",\"logo\":{\"@type\":\"ImageObject\",\"inLanguage\":\"es\",\"@id\":\"https:\\\/\\\/juntosporquilmes.com.ar\\\/inicio\\\/#\\\/schema\\\/logo\\\/image\\\/\",\"url\":\"https:\\\/\\\/juntosporquilmes.com.ar\\\/inicio\\\/wp-content\\\/uploads\\\/2023\\\/06\\\/logo-jpq-2023-b.png\",\"contentUrl\":\"https:\\\/\\\/juntosporquilmes.com.ar\\\/inicio\\\/wp-content\\\/uploads\\\/2023\\\/06\\\/logo-jpq-2023-b.png\",\"width\":2332,\"height\":645,\"caption\":\"Corriente Peronista Juntos por Quilmes\"},\"image\":{\"@id\":\"https:\\\/\\\/juntosporquilmes.com.ar\\\/inicio\\\/#\\\/schema\\\/logo\\\/image\\\/\"},\"sameAs\":[\"https:\\\/\\\/www.facebook.com\\\/juntosxquilmes\\\/\",\"https:\\\/\\\/x.com\\\/JUNTOSXQUILMES\",\"https:\\\/\\\/www.instagram.com\\\/juntos_por_quilmes\\\/\"]},{\"@type\":\"Person\",\"@id\":\"https:\\\/\\\/juntosporquilmes.com.ar\\\/inicio\\\/#\\\/schema\\\/person\\\/92cffe5404a5f269643a19736afcca11\",\"name\":\"admin-vdb\",\"image\":{\"@type\":\"ImageObject\",\"inLanguage\":\"es\",\"@id\":\"https:\\\/\\\/secure.gravatar.com\\\/avatar\\\/a3bc68f4d20ac4e6b7246c64d9145e8058210e47d2e69a742e867048c31c224f?s=96&d=mm&r=g\",\"url\":\"https:\\\/\\\/secure.gravatar.com\\\/avatar\\\/a3bc68f4d20ac4e6b7246c64d9145e8058210e47d2e69a742e867048c31c224f?s=96&d=mm&r=g\",\"contentUrl\":\"https:\\\/\\\/secure.gravatar.com\\\/avatar\\\/a3bc68f4d20ac4e6b7246c64d9145e8058210e47d2e69a742e867048c31c224f?s=96&d=mm&r=g\",\"caption\":\"admin-vdb\"},\"sameAs\":[\"https:\\\/\\\/juntosporquilmes.com.ar\\\/inicio\"],\"url\":\"https:\\\/\\\/juntosporquilmes.com.ar\\\/inicio\\\/author\\\/admin-vdb\\\/\"}]}<\/script>\n<!-- \/ Yoast SEO plugin. -->","yoast_head_json":{"title":"JOS\u00c9 LUIS CONTRERAS RECORD\u00d3 A LOS M\u00c1RTIRES DE 1956 Y A LOS H\u00c9ROES DE MALVINAS - Juntos por Quilmes","robots":{"index":"index","follow":"follow","max-snippet":"max-snippet:-1","max-image-preview":"max-image-preview:large","max-video-preview":"max-video-preview:-1"},"canonical":"https:\/\/juntosporquilmes.com.ar\/inicio\/2022\/06\/jose-luis-contreras-recordo-a-los-martires-de-1956-y-a-los-heroes-de-malvinas\/","og_locale":"es_ES","og_type":"article","og_title":"JOS\u00c9 LUIS CONTRERAS RECORD\u00d3 A LOS M\u00c1RTIRES DE 1956 Y A LOS H\u00c9ROES DE MALVINAS - Juntos por Quilmes","og_description":"El concejal del Frente de Todos, Jos\u00e9 Luis Contreras, record\u00f3 en la sesi\u00f3n ordinaria de este martes al General Juan Jos\u00e9 Valle, a 66 a\u00f1os de los fusilamientos del 9 de junio de 1956; como as\u00ed tambi\u00e9n a los h\u00e9roes de Malvinas, en el marco Fue precisamente al momento de los homenajes, cuando el edil [&hellip;]","og_url":"https:\/\/juntosporquilmes.com.ar\/inicio\/2022\/06\/jose-luis-contreras-recordo-a-los-martires-de-1956-y-a-los-heroes-de-malvinas\/","og_site_name":"Juntos por Quilmes","article_publisher":"https:\/\/www.facebook.com\/juntosxquilmes\/","article_published_time":"2022-06-14T16:21:10+00:00","article_modified_time":"2022-06-14T16:21:11+00:00","og_image":[{"width":1134,"height":1020,"url":"https:\/\/juntosporquilmes.com.ar\/inicio\/wp-content\/uploads\/2022\/06\/jose-luis-contreras.jpg","type":"image\/jpeg"}],"author":"admin-vdb","twitter_card":"summary_large_image","twitter_creator":"@JUNTOSXQUILMES","twitter_site":"@JUNTOSXQUILMES","schema":{"@context":"https:\/\/schema.org","@graph":[{"@type":"Article","@id":"https:\/\/juntosporquilmes.com.ar\/inicio\/2022\/06\/jose-luis-contreras-recordo-a-los-martires-de-1956-y-a-los-heroes-de-malvinas\/#article","isPartOf":{"@id":"https:\/\/juntosporquilmes.com.ar\/inicio\/2022\/06\/jose-luis-contreras-recordo-a-los-martires-de-1956-y-a-los-heroes-de-malvinas\/"},"author":{"name":"admin-vdb","@id":"https:\/\/juntosporquilmes.com.ar\/inicio\/#\/schema\/person\/92cffe5404a5f269643a19736afcca11"},"headline":"JOS\u00c9 LUIS CONTRERAS RECORD\u00d3 A LOS M\u00c1RTIRES DE 1956 Y A LOS H\u00c9ROES DE MALVINAS","datePublished":"2022-06-14T16:21:10+00:00","dateModified":"2022-06-14T16:21:11+00:00","mainEntityOfPage":{"@id":"https:\/\/juntosporquilmes.com.ar\/inicio\/2022\/06\/jose-luis-contreras-recordo-a-los-martires-de-1956-y-a-los-heroes-de-malvinas\/"},"wordCount":376,"commentCount":0,"publisher":{"@id":"https:\/\/juntosporquilmes.com.ar\/inicio\/#organization"},"image":{"@id":"https:\/\/juntosporquilmes.com.ar\/inicio\/2022\/06\/jose-luis-contreras-recordo-a-los-martires-de-1956-y-a-los-heroes-de-malvinas\/#primaryimage"},"thumbnailUrl":"https:\/\/juntosporquilmes.com.ar\/inicio\/wp-content\/uploads\/2022\/06\/jose-luis-contreras.jpg","articleSection":["MILITANCIA"],"inLanguage":"es","potentialAction":[{"@type":"CommentAction","name":"Comment","target":["https:\/\/juntosporquilmes.com.ar\/inicio\/2022\/06\/jose-luis-contreras-recordo-a-los-martires-de-1956-y-a-los-heroes-de-malvinas\/#respond"]}]},{"@type":"WebPage","@id":"https:\/\/juntosporquilmes.com.ar\/inicio\/2022\/06\/jose-luis-contreras-recordo-a-los-martires-de-1956-y-a-los-heroes-de-malvinas\/","url":"https:\/\/juntosporquilmes.com.ar\/inicio\/2022\/06\/jose-luis-contreras-recordo-a-los-martires-de-1956-y-a-los-heroes-de-malvinas\/","name":"JOS\u00c9 LUIS CONTRERAS RECORD\u00d3 A LOS M\u00c1RTIRES DE 1956 Y A LOS H\u00c9ROES DE MALVINAS - Juntos por Quilmes","isPartOf":{"@id":"https:\/\/juntosporquilmes.com.ar\/inicio\/#website"},"primaryImageOfPage":{"@id":"https:\/\/juntosporquilmes.com.ar\/inicio\/2022\/06\/jose-luis-contreras-recordo-a-los-martires-de-1956-y-a-los-heroes-de-malvinas\/#primaryimage"},"image":{"@id":"https:\/\/juntosporquilmes.com.ar\/inicio\/2022\/06\/jose-luis-contreras-recordo-a-los-martires-de-1956-y-a-los-heroes-de-malvinas\/#primaryimage"},"thumbnailUrl":"https:\/\/juntosporquilmes.com.ar\/inicio\/wp-content\/uploads\/2022\/06\/jose-luis-contreras.jpg","datePublished":"2022-06-14T16:21:10+00:00","dateModified":"2022-06-14T16:21:11+00:00","breadcrumb":{"@id":"https:\/\/juntosporquilmes.com.ar\/inicio\/2022\/06\/jose-luis-contreras-recordo-a-los-martires-de-1956-y-a-los-heroes-de-malvinas\/#breadcrumb"},"inLanguage":"es","potentialAction":[{"@type":"ReadAction","target":["https:\/\/juntosporquilmes.com.ar\/inicio\/2022\/06\/jose-luis-contreras-recordo-a-los-martires-de-1956-y-a-los-heroes-de-malvinas\/"]}]},{"@type":"ImageObject","inLanguage":"es","@id":"https:\/\/juntosporquilmes.com.ar\/inicio\/2022\/06\/jose-luis-contreras-recordo-a-los-martires-de-1956-y-a-los-heroes-de-malvinas\/#primaryimage","url":"https:\/\/juntosporquilmes.com.ar\/inicio\/wp-content\/uploads\/2022\/06\/jose-luis-contreras.jpg","contentUrl":"https:\/\/juntosporquilmes.com.ar\/inicio\/wp-content\/uploads\/2022\/06\/jose-luis-contreras.jpg","width":1134,"height":1020},{"@type":"BreadcrumbList","@id":"https:\/\/juntosporquilmes.com.ar\/inicio\/2022\/06\/jose-luis-contreras-recordo-a-los-martires-de-1956-y-a-los-heroes-de-malvinas\/#breadcrumb","itemListElement":[{"@type":"ListItem","position":1,"name":"Portada","item":"https:\/\/juntosporquilmes.com.ar\/inicio\/"},{"@type":"ListItem","position":2,"name":"JOS\u00c9 LUIS CONTRERAS RECORD\u00d3 A LOS M\u00c1RTIRES DE 1956 Y A LOS H\u00c9ROES DE MALVINAS"}]},{"@type":"WebSite","@id":"https:\/\/juntosporquilmes.com.ar\/inicio\/#website","url":"https:\/\/juntosporquilmes.com.ar\/inicio\/","name":"Juntos por Quilmes","description":"Corriente Peronista Juntos por Quilmes","publisher":{"@id":"https:\/\/juntosporquilmes.com.ar\/inicio\/#organization"},"potentialAction":[{"@type":"SearchAction","target":{"@type":"EntryPoint","urlTemplate":"https:\/\/juntosporquilmes.com.ar\/inicio\/?s={search_term_string}"},"query-input":{"@type":"PropertyValueSpecification","valueRequired":true,"valueName":"search_term_string"}}],"inLanguage":"es"},{"@type":"Organization","@id":"https:\/\/juntosporquilmes.com.ar\/inicio\/#organization","name":"Corriente Peronista Juntos por Quilmes","url":"https:\/\/juntosporquilmes.com.ar\/inicio\/","logo":{"@type":"ImageObject","inLanguage":"es","@id":"https:\/\/juntosporquilmes.com.ar\/inicio\/#\/schema\/logo\/image\/","url":"https:\/\/juntosporquilmes.com.ar\/inicio\/wp-content\/uploads\/2023\/06\/logo-jpq-2023-b.png","contentUrl":"https:\/\/juntosporquilmes.com.ar\/inicio\/wp-content\/uploads\/2023\/06\/logo-jpq-2023-b.png","width":2332,"height":645,"caption":"Corriente Peronista Juntos por Quilmes"},"image":{"@id":"https:\/\/juntosporquilmes.com.ar\/inicio\/#\/schema\/logo\/image\/"},"sameAs":["https:\/\/www.facebook.com\/juntosxquilmes\/","https:\/\/x.com\/JUNTOSXQUILMES","https:\/\/www.instagram.com\/juntos_por_quilmes\/"]},{"@type":"Person","@id":"https:\/\/juntosporquilmes.com.ar\/inicio\/#\/schema\/person\/92cffe5404a5f269643a19736afcca11","name":"admin-vdb","image":{"@type":"ImageObject","inLanguage":"es","@id":"https:\/\/secure.gravatar.com\/avatar\/a3bc68f4d20ac4e6b7246c64d9145e8058210e47d2e69a742e867048c31c224f?s=96&d=mm&r=g","url":"https:\/\/secure.gravatar.com\/avatar\/a3bc68f4d20ac4e6b7246c64d9145e8058210e47d2e69a742e867048c31c224f?s=96&d=mm&r=g","contentUrl":"https:\/\/secure.gravatar.com\/avatar\/a3bc68f4d20ac4e6b7246c64d9145e8058210e47d2e69a742e867048c31c224f?s=96&d=mm&r=g","caption":"admin-vdb"},"sameAs":["https:\/\/juntosporquilmes.com.ar\/inicio"],"url":"https:\/\/juntosporquilmes.com.ar\/inicio\/author\/admin-vdb\/"}]}},"_links":{"self":[{"href":"https:\/\/juntosporquilmes.com.ar\/inicio\/wp-json\/wp\/v2\/posts\/2731","targetHints":{"allow":["GET"]}}],"collection":[{"href":"https:\/\/juntosporquilmes.com.ar\/inicio\/wp-json\/wp\/v2\/posts"}],"about":[{"href":"https:\/\/juntosporquilmes.com.ar\/inicio\/wp-json\/wp\/v2\/types\/post"}],"author":[{"embeddable":true,"href":"https:\/\/juntosporquilmes.com.ar\/inicio\/wp-json\/wp\/v2\/users\/1"}],"replies":[{"embeddable":true,"href":"https:\/\/juntosporquilmes.com.ar\/inicio\/wp-json\/wp\/v2\/comments?post=2731"}],"version-history":[{"count":1,"href":"https:\/\/juntosporquilmes.com.ar\/inicio\/wp-json\/wp\/v2\/posts\/2731\/revisions"}],"predecessor-version":[{"id":2733,"href":"https:\/\/juntosporquilmes.com.ar\/inicio\/wp-json\/wp\/v2\/posts\/2731\/revisions\/2733"}],"wp:featuredmedia":[{"embeddable":true,"href":"https:\/\/juntosporquilmes.com.ar\/inicio\/wp-json\/wp\/v2\/media\/2732"}],"wp:attachment":[{"href":"https:\/\/juntosporquilmes.com.ar\/inicio\/wp-json\/wp\/v2\/media?parent=2731"}],"wp:term":[{"taxonomy":"category","embeddable":true,"href":"https:\/\/juntosporquilmes.com.ar\/inicio\/wp-json\/wp\/v2\/categories?post=2731"},{"taxonomy":"post_tag","embeddable":true,"href":"https:\/\/juntosporquilmes.com.ar\/inicio\/wp-json\/wp\/v2\/tags?post=2731"}],"curies":[{"name":"wp","href":"https:\/\/api.w.org\/{rel}","templated":true}]}}