{"id":2657,"date":"2022-05-07T01:03:00","date_gmt":"2022-05-07T01:03:00","guid":{"rendered":"https:\/\/juntosporquilmes.com.ar\/inicio\/?p=2657"},"modified":"2022-05-09T05:56:07","modified_gmt":"2022-05-09T05:56:07","slug":"maximo-kirchner-en-homenaje-a-evita-dijo-necesitamos-que-el-pueblo-recupere-poder-adquisitivo","status":"publish","type":"post","link":"https:\/\/juntosporquilmes.com.ar\/inicio\/2022\/05\/maximo-kirchner-en-homenaje-a-evita-dijo-necesitamos-que-el-pueblo-recupere-poder-adquisitivo\/","title":{"rendered":"M\u00c1XIMO KIRCHNER, EN HOMENAJE A EVITA, DIJO: \u00abNECESITAMOS QUE EL PUEBLO RECUPERE PODER ADQUISITIVO\u00bb"},"content":{"rendered":"\n<p>El presidente del Partido Justicialista bonaerense, el diputado nacional M\u00e1ximo Kirchner, consider\u00f3 el s\u00e1bado \u00abnecesario que el pueblo recupere el poder adquisitivo\u00bb y advirti\u00f3 que \u00ablo que hay subir son los salarios y no romper la solidaridad entre los trabajadores\u00bb, en un homenaje por el 103\u00b0 aniversario del natalicio de Mar\u00eda Eva Duarte de Per\u00f3n que se realiz\u00f3 en Los Toldos.<\/p>\n\n\n\n<p>\u00abLas organizaciones de trabajadores, est\u00e9n o no registrados, tienen que fortalecerse\u00bb, afirm\u00f3 el diputado en el acto en el que tambi\u00e9n particip\u00f3 el gobernador bonaerense, Axel Kicillof, y sostuvo que \u00abmuchas veces buscan\u00bb que los asalariados \u00abse enfrenten entre ellos\u00bb.<\/p>\n\n\n\n<p>En ese sentido, indic\u00f3 que a sus padres, los expresidentes \u00abN\u00e9stor (Kirchner) y Cristina (Fern\u00e1ndez) nunca les tembl\u00f3 la pera a la hora de defender a los trabajadores\u00bb.<\/p>\n\n\n\n<p>\u00abTengamos la voluntad para que los debates pol\u00edticos de den de cara a la sociedad. Les pido que se metan, que participen. Necesitamos que el pueblo recupere el poder adquisitivo\u00bb, remarc\u00f3 Kirchner al hablar en el Museo Eva Per\u00f3n, donde se hizo este homenaje que cont\u00f3 con una fuerte presencia femenina del peronismo bonaerense.<\/p>\n\n\n\n<p>\u00abNo podemos dejar que nos enfrenten entre nosotros, lo que hay subir son los salarios y no romper la solidaridad entre los que tienen trabajo registrado y los que no\u00bb, remarc\u00f3 el principal referente de la agrupaci\u00f3n La C\u00e1mpora.<\/p>\n\n\n\n<p>Adem\u00e1s, record\u00f3 que su familia incorpor\u00f3 el legado de Eva Per\u00f3n porque creci\u00f3 \u00aben un hogar sumamente peronista\u00bb.<\/p>\n\n\n\n<p>\u00abTambi\u00e9n me hizo conocer desde otro lugar a Eva mi abuela Ofelia (Wilhelm), mam\u00e1 de Cristina, que era sindicalista y siempre integr\u00f3 al rama femenina. Ella luego se sum\u00f3 al sector que (en los a\u00f1os &#8217;80) lideraba Sa\u00fal Ubaldini\u00bb, cont\u00f3 ante la concurrencia militante congregada en la ciudad natal de \u00abla Abanderada de los Humildes\u00bb.<\/p>\n\n\n\n<p>\u00abEvita vivi\u00f3 y actu\u00f3 con una vocaci\u00f3n transformadora. Siempre tendemos a asociar a Eva con la pasi\u00f3n, el coraz\u00f3n pero estaba la Eva inteligente, cerebral, creadora del PJ femenino, est\u00e1 la del esp\u00edritu de la Constituci\u00f3n de 1949 con la patria potestad, tema que tom\u00f3 el expresidente Ra\u00fal Alfons\u00edn en 1985. Esa Eva tambi\u00e9n debe ser recordada\u00bb, ponder\u00f3.<\/p>\n\n\n\n<p>El legislador record\u00f3 que \u00abhasta 1945 los dirigentes del peronismo eran desconocidos pero hubo una unidad que le dio plaf\u00f3n y fue construida por la gente\u00bb.<\/p>\n\n\n\n<p>\u00abEra un pueblo que estaba cansado de no tener derechos y ser maltratado. Prueba de ello fue lo que hicieron con el cuerpo de Eva eso que se nombra como Revoluci\u00f3n Libertadora y para nosotros es la &#8216;Fusiladora'\u00bb.<\/p>\n\n\n\n<p>Se\u00f1al\u00f3 que \u00absiempre escuchamos en los medios de comunicaci\u00f3n que el gran problema de este pa\u00eds es el peronismo pero es el movimiento que m\u00e1s descargas de odio recibi\u00f3 en este pa\u00eds. No s\u00f3lo en el cuerpo de Eva, sino en miles de cuerpos de compa\u00f1eros y compa\u00f1eras desaparecidos\u00bb.<\/p>\n\n\n\n<p>\u00abSiempre escuchaba en mi abuela un dejo de frustraci\u00f3n de que este pa\u00eds no iba a volver a otorgar derechos y a partir del 25 de mayo de 2003 pudimos empezar a tratar de vivir de aquello que nos contaban y poder prolongarlo al presente\u00bb, agreg\u00f3 el presidente del PJ bonaerense.<\/p>\n\n\n\n<p>\u00abLa vida me ha dado mucho y no porque vi presidente y presidenta a N\u00e9stor y Cristina, sino porque vi que cuando se gobierna se pueden hacer las cosas, ir para adelante y porque nunca les tembl\u00f3 la pera para defender a los trabajadores y trabajadoras\u00bb, se\u00f1al\u00f3.<\/p>\n\n\n\n<p>Por su parte, Kicillof destac\u00f3 que el Museo Eva Per\u00f3n, que estaba bajo la \u00f3rbita de la municipalidad de General Viamonte pas\u00f3 nuevamente a depender de la Provincia y sostuvo que eso \u00abes una gran satisfacci\u00f3n, una tarea cumplida\u00bb.<\/p>\n\n\n\n<p>\u00abEvita y su casa natal no puede ser municipal, ni provincial, Evita es del pueblo, es universal, no hay lugar, rinc\u00f3n de este mundo en que no est\u00e9 presente nuestra Eva Per\u00f3n\u00bb, agreg\u00f3 y se\u00f1al\u00f3 que \u00aba Evita la evocamos por muchas cosas pero por sobre todo por su misericordia y su vocaci\u00f3n por los derechos\u00bb.<\/p>\n\n\n\n<p>Kicillof destac\u00f3 que \u00abEvita abri\u00f3 un camino por derecho propio, como dirigente pol\u00edtica conquist\u00f3 el voto de las mujeres, abri\u00f3 un partido. Es por su tarea y su obra que hoy la recordamos\u00bb.<\/p>\n\n\n\n<p>El gobernador se\u00f1al\u00f3: \u00abLos que no comparten nuestra banderas no entienden por qu\u00e9 reivindicamos a Evita, como si quererla y tenerla presente fuera un capricho y se olvidan de su inmensa obra\u00bb.<\/p>\n\n\n\n<p>\u00abConvirti\u00f3 aquello que se llamaba caridad en un derecho y hoy vengo a reafirmar que para el gobierno de la provincia de Buenos Aires donde hay una necesidad, hay un derecho y donde hay un derecho hay una obligaci\u00f3n de quienes tenemos responsabilidades. Nadie se puede olvidar de para qu\u00e9 ganamos las elecciones. Fue para hacer valer esos derechos\u00bb, expres\u00f3.<\/p>\n\n\n\n<p>La vicepresidenta del PJ y vicegobernadora bonaerense, Ver\u00f3nica Magario, dijo que \u00abEvita era la voz de (Juan Domingo) Per\u00f3n, porque representaba al pueblo\u00bb y remarc\u00f3: \u00abNos dio el legado m\u00e1s importante a las mujeres. La voz y el voto. Porque hasta ah\u00ed no exist\u00edamos\u00bb.<\/p>\n\n\n\n<p>\u00abElla dio a los ancianos el derecho, la jubilaci\u00f3n, a la ni\u00f1ez la protecci\u00f3n y los derechos a los trabajadores. Los peronistas tenemos que estar al lado de nuestra gente, debemos recuperar el salario para nuestra gente\u00bb, apunt\u00f3.<\/p>\n\n\n\n<p>La vicegobernadora remarc\u00f3: \u00abHoy nuestro pueblo nos necesita, es hora de que nos levantemos a defenderlo. Quiero ver a los militantes caminando, recorriendo barrio por barrio, d\u00e1ndole a este pa\u00eds y a esta provincia lo que se merece. Vamos a ponerle m\u00e1s fuerza que nunca y el 2023 vamos a ganar\u00bb.<\/p>\n\n\n\n<p>La intendenta de Moreno y vicepresidenta del PJ bonaerense, Mariel Fern\u00e1ndez, dijo que \u00abEvita nos dej\u00f3 el mensaje de que pod\u00edamos so\u00f1ar, que no hab\u00eda que dejarlo en manos de quienes no defend\u00edan nuestros intereses, de los oligarcas, de los capitales for\u00e1neos\u00bb.<\/p>\n\n\n\n<p>La jefa comunal llam\u00f3 a la unidad del espacio al indicar que \u00abde ninguna manera una diferencia nuestra puede entregarle el sill\u00f3n presidencial a un liberal, a la derecha argentina\u00bb,<\/p>\n\n\n\n<p>\u00abCada vez que son gobierno cierran las f\u00e1bricas y la gente se queda sin trabajo. Necesitamos que en el 2023 podamos conservar el gobierno peronista para poder seguir luchando por la justicia social como nos ense\u00f1\u00f3 Evita\u00bb, puntualiz\u00f3.<\/p>\n\n\n\n<p>En el acto tambi\u00e9n estuvieron presentes las intendentas Mayra Mendoza (Quilmes), Karina Men\u00e9ndez (Merlo), Blanca Cantero (Presidente Per\u00f3n), Celia Gianini (Carlos Tejedor), y Marisa Fassi (Ca\u00f1uelas).<\/p>\n\n\n\n<p>Asimismo, asistieron la ministra de Gobierno, Cristina \u00c1lvarez Rodr\u00edguez, la senadora provincial, Teresa Garc\u00eda, la diputada Viviana Guzzo, la directora del Instituto Cultural, Florencia Saintout y la subsecretaria de Pol\u00edticas Culturales, Victoria Onetto, entre otros funcionarios e intendentes bonaerenses. <\/p>\n","protected":false},"excerpt":{"rendered":"<p>El presidente del Partido Justicialista bonaerense, el diputado nacional M\u00e1ximo Kirchner, consider\u00f3 el s\u00e1bado \u00abnecesario que el pueblo recupere el poder adquisitivo\u00bb y advirti\u00f3 que \u00ablo que hay subir son los salarios y no romper la solidaridad entre los trabajadores\u00bb, en un homenaje por el 103\u00b0 aniversario del natalicio de Mar\u00eda Eva Duarte de Per\u00f3n [&hellip;]<\/p>\n","protected":false},"author":1,"featured_media":2658,"comment_status":"open","ping_status":"open","sticky":false,"template":"","format":"standard","meta":{"footnotes":""},"categories":[12],"tags":[],"class_list":["post-2657","post","type-post","status-publish","format-standard","has-post-thumbnail","hentry","category-noticias"],"yoast_head":"<!-- This site is optimized with the Yoast SEO plugin v27.4 - https:\/\/yoast.com\/product\/yoast-seo-wordpress\/ -->\n<title>M\u00c1XIMO KIRCHNER, EN HOMENAJE A EVITA, DIJO: &quot;NECESITAMOS QUE EL PUEBLO RECUPERE PODER ADQUISITIVO&quot; - Juntos por Quilmes<\/title>\n<meta name=\"robots\" content=\"index, follow, max-snippet:-1, max-image-preview:large, max-video-preview:-1\" \/>\n<link rel=\"canonical\" href=\"https:\/\/juntosporquilmes.com.ar\/inicio\/2022\/05\/maximo-kirchner-en-homenaje-a-evita-dijo-necesitamos-que-el-pueblo-recupere-poder-adquisitivo\/\" \/>\n<meta property=\"og:locale\" content=\"es_ES\" \/>\n<meta property=\"og:type\" content=\"article\" \/>\n<meta property=\"og:title\" content=\"M\u00c1XIMO KIRCHNER, EN HOMENAJE A EVITA, DIJO: &quot;NECESITAMOS QUE EL PUEBLO RECUPERE PODER ADQUISITIVO&quot; - Juntos por Quilmes\" \/>\n<meta property=\"og:description\" content=\"El presidente del Partido Justicialista bonaerense, el diputado nacional M\u00e1ximo Kirchner, consider\u00f3 el s\u00e1bado \u00abnecesario que el pueblo recupere el poder adquisitivo\u00bb y advirti\u00f3 que \u00ablo que hay subir son los salarios y no romper la solidaridad entre los trabajadores\u00bb, en un homenaje por el 103\u00b0 aniversario del natalicio de Mar\u00eda Eva Duarte de Per\u00f3n [&hellip;]\" \/>\n<meta property=\"og:url\" content=\"https:\/\/juntosporquilmes.com.ar\/inicio\/2022\/05\/maximo-kirchner-en-homenaje-a-evita-dijo-necesitamos-que-el-pueblo-recupere-poder-adquisitivo\/\" \/>\n<meta property=\"og:site_name\" content=\"Juntos por Quilmes\" \/>\n<meta property=\"article:publisher\" content=\"https:\/\/www.facebook.com\/juntosxquilmes\/\" \/>\n<meta property=\"article:published_time\" content=\"2022-05-07T01:03:00+00:00\" \/>\n<meta property=\"article:modified_time\" content=\"2022-05-09T05:56:07+00:00\" \/>\n<meta property=\"og:image\" content=\"https:\/\/juntosporquilmes.com.ar\/inicio\/wp-content\/uploads\/2022\/05\/Maximo-Kirchner.jpeg\" \/>\n\t<meta property=\"og:image:width\" content=\"1280\" \/>\n\t<meta property=\"og:image:height\" content=\"855\" \/>\n\t<meta property=\"og:image:type\" content=\"image\/jpeg\" \/>\n<meta name=\"author\" content=\"admin-vdb\" \/>\n<meta name=\"twitter:card\" content=\"summary_large_image\" \/>\n<meta name=\"twitter:creator\" content=\"@JUNTOSXQUILMES\" \/>\n<meta name=\"twitter:site\" content=\"@JUNTOSXQUILMES\" \/>\n<script type=\"application\/ld+json\" class=\"yoast-schema-graph\">{\"@context\":\"https:\\\/\\\/schema.org\",\"@graph\":[{\"@type\":\"Article\",\"@id\":\"https:\\\/\\\/juntosporquilmes.com.ar\\\/inicio\\\/2022\\\/05\\\/maximo-kirchner-en-homenaje-a-evita-dijo-necesitamos-que-el-pueblo-recupere-poder-adquisitivo\\\/#article\",\"isPartOf\":{\"@id\":\"https:\\\/\\\/juntosporquilmes.com.ar\\\/inicio\\\/2022\\\/05\\\/maximo-kirchner-en-homenaje-a-evita-dijo-necesitamos-que-el-pueblo-recupere-poder-adquisitivo\\\/\"},\"author\":{\"name\":\"admin-vdb\",\"@id\":\"https:\\\/\\\/juntosporquilmes.com.ar\\\/inicio\\\/#\\\/schema\\\/person\\\/92cffe5404a5f269643a19736afcca11\"},\"headline\":\"M\u00c1XIMO KIRCHNER, EN HOMENAJE A EVITA, DIJO: \u00abNECESITAMOS QUE EL PUEBLO RECUPERE PODER ADQUISITIVO\u00bb\",\"datePublished\":\"2022-05-07T01:03:00+00:00\",\"dateModified\":\"2022-05-09T05:56:07+00:00\",\"mainEntityOfPage\":{\"@id\":\"https:\\\/\\\/juntosporquilmes.com.ar\\\/inicio\\\/2022\\\/05\\\/maximo-kirchner-en-homenaje-a-evita-dijo-necesitamos-que-el-pueblo-recupere-poder-adquisitivo\\\/\"},\"wordCount\":1172,\"commentCount\":0,\"publisher\":{\"@id\":\"https:\\\/\\\/juntosporquilmes.com.ar\\\/inicio\\\/#organization\"},\"image\":{\"@id\":\"https:\\\/\\\/juntosporquilmes.com.ar\\\/inicio\\\/2022\\\/05\\\/maximo-kirchner-en-homenaje-a-evita-dijo-necesitamos-que-el-pueblo-recupere-poder-adquisitivo\\\/#primaryimage\"},\"thumbnailUrl\":\"https:\\\/\\\/juntosporquilmes.com.ar\\\/inicio\\\/wp-content\\\/uploads\\\/2022\\\/05\\\/Maximo-Kirchner.jpeg\",\"articleSection\":[\"NOTICIAS\"],\"inLanguage\":\"es\",\"potentialAction\":[{\"@type\":\"CommentAction\",\"name\":\"Comment\",\"target\":[\"https:\\\/\\\/juntosporquilmes.com.ar\\\/inicio\\\/2022\\\/05\\\/maximo-kirchner-en-homenaje-a-evita-dijo-necesitamos-que-el-pueblo-recupere-poder-adquisitivo\\\/#respond\"]}]},{\"@type\":\"WebPage\",\"@id\":\"https:\\\/\\\/juntosporquilmes.com.ar\\\/inicio\\\/2022\\\/05\\\/maximo-kirchner-en-homenaje-a-evita-dijo-necesitamos-que-el-pueblo-recupere-poder-adquisitivo\\\/\",\"url\":\"https:\\\/\\\/juntosporquilmes.com.ar\\\/inicio\\\/2022\\\/05\\\/maximo-kirchner-en-homenaje-a-evita-dijo-necesitamos-que-el-pueblo-recupere-poder-adquisitivo\\\/\",\"name\":\"M\u00c1XIMO KIRCHNER, EN HOMENAJE A EVITA, DIJO: \\\"NECESITAMOS QUE EL PUEBLO RECUPERE PODER ADQUISITIVO\\\" - Juntos por Quilmes\",\"isPartOf\":{\"@id\":\"https:\\\/\\\/juntosporquilmes.com.ar\\\/inicio\\\/#website\"},\"primaryImageOfPage\":{\"@id\":\"https:\\\/\\\/juntosporquilmes.com.ar\\\/inicio\\\/2022\\\/05\\\/maximo-kirchner-en-homenaje-a-evita-dijo-necesitamos-que-el-pueblo-recupere-poder-adquisitivo\\\/#primaryimage\"},\"image\":{\"@id\":\"https:\\\/\\\/juntosporquilmes.com.ar\\\/inicio\\\/2022\\\/05\\\/maximo-kirchner-en-homenaje-a-evita-dijo-necesitamos-que-el-pueblo-recupere-poder-adquisitivo\\\/#primaryimage\"},\"thumbnailUrl\":\"https:\\\/\\\/juntosporquilmes.com.ar\\\/inicio\\\/wp-content\\\/uploads\\\/2022\\\/05\\\/Maximo-Kirchner.jpeg\",\"datePublished\":\"2022-05-07T01:03:00+00:00\",\"dateModified\":\"2022-05-09T05:56:07+00:00\",\"breadcrumb\":{\"@id\":\"https:\\\/\\\/juntosporquilmes.com.ar\\\/inicio\\\/2022\\\/05\\\/maximo-kirchner-en-homenaje-a-evita-dijo-necesitamos-que-el-pueblo-recupere-poder-adquisitivo\\\/#breadcrumb\"},\"inLanguage\":\"es\",\"potentialAction\":[{\"@type\":\"ReadAction\",\"target\":[\"https:\\\/\\\/juntosporquilmes.com.ar\\\/inicio\\\/2022\\\/05\\\/maximo-kirchner-en-homenaje-a-evita-dijo-necesitamos-que-el-pueblo-recupere-poder-adquisitivo\\\/\"]}]},{\"@type\":\"ImageObject\",\"inLanguage\":\"es\",\"@id\":\"https:\\\/\\\/juntosporquilmes.com.ar\\\/inicio\\\/2022\\\/05\\\/maximo-kirchner-en-homenaje-a-evita-dijo-necesitamos-que-el-pueblo-recupere-poder-adquisitivo\\\/#primaryimage\",\"url\":\"https:\\\/\\\/juntosporquilmes.com.ar\\\/inicio\\\/wp-content\\\/uploads\\\/2022\\\/05\\\/Maximo-Kirchner.jpeg\",\"contentUrl\":\"https:\\\/\\\/juntosporquilmes.com.ar\\\/inicio\\\/wp-content\\\/uploads\\\/2022\\\/05\\\/Maximo-Kirchner.jpeg\",\"width\":1280,\"height\":855},{\"@type\":\"BreadcrumbList\",\"@id\":\"https:\\\/\\\/juntosporquilmes.com.ar\\\/inicio\\\/2022\\\/05\\\/maximo-kirchner-en-homenaje-a-evita-dijo-necesitamos-que-el-pueblo-recupere-poder-adquisitivo\\\/#breadcrumb\",\"itemListElement\":[{\"@type\":\"ListItem\",\"position\":1,\"name\":\"Portada\",\"item\":\"https:\\\/\\\/juntosporquilmes.com.ar\\\/inicio\\\/\"},{\"@type\":\"ListItem\",\"position\":2,\"name\":\"M\u00c1XIMO KIRCHNER, EN HOMENAJE A EVITA, DIJO: &#8220;NECESITAMOS QUE EL PUEBLO RECUPERE PODER ADQUISITIVO&#8221;\"}]},{\"@type\":\"WebSite\",\"@id\":\"https:\\\/\\\/juntosporquilmes.com.ar\\\/inicio\\\/#website\",\"url\":\"https:\\\/\\\/juntosporquilmes.com.ar\\\/inicio\\\/\",\"name\":\"Juntos por Quilmes\",\"description\":\"Corriente Peronista Juntos por Quilmes\",\"publisher\":{\"@id\":\"https:\\\/\\\/juntosporquilmes.com.ar\\\/inicio\\\/#organization\"},\"potentialAction\":[{\"@type\":\"SearchAction\",\"target\":{\"@type\":\"EntryPoint\",\"urlTemplate\":\"https:\\\/\\\/juntosporquilmes.com.ar\\\/inicio\\\/?s={search_term_string}\"},\"query-input\":{\"@type\":\"PropertyValueSpecification\",\"valueRequired\":true,\"valueName\":\"search_term_string\"}}],\"inLanguage\":\"es\"},{\"@type\":\"Organization\",\"@id\":\"https:\\\/\\\/juntosporquilmes.com.ar\\\/inicio\\\/#organization\",\"name\":\"Corriente Peronista Juntos por Quilmes\",\"url\":\"https:\\\/\\\/juntosporquilmes.com.ar\\\/inicio\\\/\",\"logo\":{\"@type\":\"ImageObject\",\"inLanguage\":\"es\",\"@id\":\"https:\\\/\\\/juntosporquilmes.com.ar\\\/inicio\\\/#\\\/schema\\\/logo\\\/image\\\/\",\"url\":\"https:\\\/\\\/juntosporquilmes.com.ar\\\/inicio\\\/wp-content\\\/uploads\\\/2023\\\/06\\\/logo-jpq-2023-b.png\",\"contentUrl\":\"https:\\\/\\\/juntosporquilmes.com.ar\\\/inicio\\\/wp-content\\\/uploads\\\/2023\\\/06\\\/logo-jpq-2023-b.png\",\"width\":2332,\"height\":645,\"caption\":\"Corriente Peronista Juntos por Quilmes\"},\"image\":{\"@id\":\"https:\\\/\\\/juntosporquilmes.com.ar\\\/inicio\\\/#\\\/schema\\\/logo\\\/image\\\/\"},\"sameAs\":[\"https:\\\/\\\/www.facebook.com\\\/juntosxquilmes\\\/\",\"https:\\\/\\\/x.com\\\/JUNTOSXQUILMES\",\"https:\\\/\\\/www.instagram.com\\\/juntos_por_quilmes\\\/\"]},{\"@type\":\"Person\",\"@id\":\"https:\\\/\\\/juntosporquilmes.com.ar\\\/inicio\\\/#\\\/schema\\\/person\\\/92cffe5404a5f269643a19736afcca11\",\"name\":\"admin-vdb\",\"image\":{\"@type\":\"ImageObject\",\"inLanguage\":\"es\",\"@id\":\"https:\\\/\\\/secure.gravatar.com\\\/avatar\\\/a3bc68f4d20ac4e6b7246c64d9145e8058210e47d2e69a742e867048c31c224f?s=96&d=mm&r=g\",\"url\":\"https:\\\/\\\/secure.gravatar.com\\\/avatar\\\/a3bc68f4d20ac4e6b7246c64d9145e8058210e47d2e69a742e867048c31c224f?s=96&d=mm&r=g\",\"contentUrl\":\"https:\\\/\\\/secure.gravatar.com\\\/avatar\\\/a3bc68f4d20ac4e6b7246c64d9145e8058210e47d2e69a742e867048c31c224f?s=96&d=mm&r=g\",\"caption\":\"admin-vdb\"},\"sameAs\":[\"https:\\\/\\\/juntosporquilmes.com.ar\\\/inicio\"],\"url\":\"https:\\\/\\\/juntosporquilmes.com.ar\\\/inicio\\\/author\\\/admin-vdb\\\/\"}]}<\/script>\n<!-- \/ Yoast SEO plugin. -->","yoast_head_json":{"title":"M\u00c1XIMO KIRCHNER, EN HOMENAJE A EVITA, DIJO: \"NECESITAMOS QUE EL PUEBLO RECUPERE PODER ADQUISITIVO\" - Juntos por Quilmes","robots":{"index":"index","follow":"follow","max-snippet":"max-snippet:-1","max-image-preview":"max-image-preview:large","max-video-preview":"max-video-preview:-1"},"canonical":"https:\/\/juntosporquilmes.com.ar\/inicio\/2022\/05\/maximo-kirchner-en-homenaje-a-evita-dijo-necesitamos-que-el-pueblo-recupere-poder-adquisitivo\/","og_locale":"es_ES","og_type":"article","og_title":"M\u00c1XIMO KIRCHNER, EN HOMENAJE A EVITA, DIJO: \"NECESITAMOS QUE EL PUEBLO RECUPERE PODER ADQUISITIVO\" - Juntos por Quilmes","og_description":"El presidente del Partido Justicialista bonaerense, el diputado nacional M\u00e1ximo Kirchner, consider\u00f3 el s\u00e1bado \u00abnecesario que el pueblo recupere el poder adquisitivo\u00bb y advirti\u00f3 que \u00ablo que hay subir son los salarios y no romper la solidaridad entre los trabajadores\u00bb, en un homenaje por el 103\u00b0 aniversario del natalicio de Mar\u00eda Eva Duarte de Per\u00f3n [&hellip;]","og_url":"https:\/\/juntosporquilmes.com.ar\/inicio\/2022\/05\/maximo-kirchner-en-homenaje-a-evita-dijo-necesitamos-que-el-pueblo-recupere-poder-adquisitivo\/","og_site_name":"Juntos por Quilmes","article_publisher":"https:\/\/www.facebook.com\/juntosxquilmes\/","article_published_time":"2022-05-07T01:03:00+00:00","article_modified_time":"2022-05-09T05:56:07+00:00","og_image":[{"width":1280,"height":855,"url":"https:\/\/juntosporquilmes.com.ar\/inicio\/wp-content\/uploads\/2022\/05\/Maximo-Kirchner.jpeg","type":"image\/jpeg"}],"author":"admin-vdb","twitter_card":"summary_large_image","twitter_creator":"@JUNTOSXQUILMES","twitter_site":"@JUNTOSXQUILMES","schema":{"@context":"https:\/\/schema.org","@graph":[{"@type":"Article","@id":"https:\/\/juntosporquilmes.com.ar\/inicio\/2022\/05\/maximo-kirchner-en-homenaje-a-evita-dijo-necesitamos-que-el-pueblo-recupere-poder-adquisitivo\/#article","isPartOf":{"@id":"https:\/\/juntosporquilmes.com.ar\/inicio\/2022\/05\/maximo-kirchner-en-homenaje-a-evita-dijo-necesitamos-que-el-pueblo-recupere-poder-adquisitivo\/"},"author":{"name":"admin-vdb","@id":"https:\/\/juntosporquilmes.com.ar\/inicio\/#\/schema\/person\/92cffe5404a5f269643a19736afcca11"},"headline":"M\u00c1XIMO KIRCHNER, EN HOMENAJE A EVITA, DIJO: \u00abNECESITAMOS QUE EL PUEBLO RECUPERE PODER ADQUISITIVO\u00bb","datePublished":"2022-05-07T01:03:00+00:00","dateModified":"2022-05-09T05:56:07+00:00","mainEntityOfPage":{"@id":"https:\/\/juntosporquilmes.com.ar\/inicio\/2022\/05\/maximo-kirchner-en-homenaje-a-evita-dijo-necesitamos-que-el-pueblo-recupere-poder-adquisitivo\/"},"wordCount":1172,"commentCount":0,"publisher":{"@id":"https:\/\/juntosporquilmes.com.ar\/inicio\/#organization"},"image":{"@id":"https:\/\/juntosporquilmes.com.ar\/inicio\/2022\/05\/maximo-kirchner-en-homenaje-a-evita-dijo-necesitamos-que-el-pueblo-recupere-poder-adquisitivo\/#primaryimage"},"thumbnailUrl":"https:\/\/juntosporquilmes.com.ar\/inicio\/wp-content\/uploads\/2022\/05\/Maximo-Kirchner.jpeg","articleSection":["NOTICIAS"],"inLanguage":"es","potentialAction":[{"@type":"CommentAction","name":"Comment","target":["https:\/\/juntosporquilmes.com.ar\/inicio\/2022\/05\/maximo-kirchner-en-homenaje-a-evita-dijo-necesitamos-que-el-pueblo-recupere-poder-adquisitivo\/#respond"]}]},{"@type":"WebPage","@id":"https:\/\/juntosporquilmes.com.ar\/inicio\/2022\/05\/maximo-kirchner-en-homenaje-a-evita-dijo-necesitamos-que-el-pueblo-recupere-poder-adquisitivo\/","url":"https:\/\/juntosporquilmes.com.ar\/inicio\/2022\/05\/maximo-kirchner-en-homenaje-a-evita-dijo-necesitamos-que-el-pueblo-recupere-poder-adquisitivo\/","name":"M\u00c1XIMO KIRCHNER, EN HOMENAJE A EVITA, DIJO: \"NECESITAMOS QUE EL PUEBLO RECUPERE PODER ADQUISITIVO\" - Juntos por Quilmes","isPartOf":{"@id":"https:\/\/juntosporquilmes.com.ar\/inicio\/#website"},"primaryImageOfPage":{"@id":"https:\/\/juntosporquilmes.com.ar\/inicio\/2022\/05\/maximo-kirchner-en-homenaje-a-evita-dijo-necesitamos-que-el-pueblo-recupere-poder-adquisitivo\/#primaryimage"},"image":{"@id":"https:\/\/juntosporquilmes.com.ar\/inicio\/2022\/05\/maximo-kirchner-en-homenaje-a-evita-dijo-necesitamos-que-el-pueblo-recupere-poder-adquisitivo\/#primaryimage"},"thumbnailUrl":"https:\/\/juntosporquilmes.com.ar\/inicio\/wp-content\/uploads\/2022\/05\/Maximo-Kirchner.jpeg","datePublished":"2022-05-07T01:03:00+00:00","dateModified":"2022-05-09T05:56:07+00:00","breadcrumb":{"@id":"https:\/\/juntosporquilmes.com.ar\/inicio\/2022\/05\/maximo-kirchner-en-homenaje-a-evita-dijo-necesitamos-que-el-pueblo-recupere-poder-adquisitivo\/#breadcrumb"},"inLanguage":"es","potentialAction":[{"@type":"ReadAction","target":["https:\/\/juntosporquilmes.com.ar\/inicio\/2022\/05\/maximo-kirchner-en-homenaje-a-evita-dijo-necesitamos-que-el-pueblo-recupere-poder-adquisitivo\/"]}]},{"@type":"ImageObject","inLanguage":"es","@id":"https:\/\/juntosporquilmes.com.ar\/inicio\/2022\/05\/maximo-kirchner-en-homenaje-a-evita-dijo-necesitamos-que-el-pueblo-recupere-poder-adquisitivo\/#primaryimage","url":"https:\/\/juntosporquilmes.com.ar\/inicio\/wp-content\/uploads\/2022\/05\/Maximo-Kirchner.jpeg","contentUrl":"https:\/\/juntosporquilmes.com.ar\/inicio\/wp-content\/uploads\/2022\/05\/Maximo-Kirchner.jpeg","width":1280,"height":855},{"@type":"BreadcrumbList","@id":"https:\/\/juntosporquilmes.com.ar\/inicio\/2022\/05\/maximo-kirchner-en-homenaje-a-evita-dijo-necesitamos-que-el-pueblo-recupere-poder-adquisitivo\/#breadcrumb","itemListElement":[{"@type":"ListItem","position":1,"name":"Portada","item":"https:\/\/juntosporquilmes.com.ar\/inicio\/"},{"@type":"ListItem","position":2,"name":"M\u00c1XIMO KIRCHNER, EN HOMENAJE A EVITA, DIJO: &#8220;NECESITAMOS QUE EL PUEBLO RECUPERE PODER ADQUISITIVO&#8221;"}]},{"@type":"WebSite","@id":"https:\/\/juntosporquilmes.com.ar\/inicio\/#website","url":"https:\/\/juntosporquilmes.com.ar\/inicio\/","name":"Juntos por Quilmes","description":"Corriente Peronista Juntos por Quilmes","publisher":{"@id":"https:\/\/juntosporquilmes.com.ar\/inicio\/#organization"},"potentialAction":[{"@type":"SearchAction","target":{"@type":"EntryPoint","urlTemplate":"https:\/\/juntosporquilmes.com.ar\/inicio\/?s={search_term_string}"},"query-input":{"@type":"PropertyValueSpecification","valueRequired":true,"valueName":"search_term_string"}}],"inLanguage":"es"},{"@type":"Organization","@id":"https:\/\/juntosporquilmes.com.ar\/inicio\/#organization","name":"Corriente Peronista Juntos por Quilmes","url":"https:\/\/juntosporquilmes.com.ar\/inicio\/","logo":{"@type":"ImageObject","inLanguage":"es","@id":"https:\/\/juntosporquilmes.com.ar\/inicio\/#\/schema\/logo\/image\/","url":"https:\/\/juntosporquilmes.com.ar\/inicio\/wp-content\/uploads\/2023\/06\/logo-jpq-2023-b.png","contentUrl":"https:\/\/juntosporquilmes.com.ar\/inicio\/wp-content\/uploads\/2023\/06\/logo-jpq-2023-b.png","width":2332,"height":645,"caption":"Corriente Peronista Juntos por Quilmes"},"image":{"@id":"https:\/\/juntosporquilmes.com.ar\/inicio\/#\/schema\/logo\/image\/"},"sameAs":["https:\/\/www.facebook.com\/juntosxquilmes\/","https:\/\/x.com\/JUNTOSXQUILMES","https:\/\/www.instagram.com\/juntos_por_quilmes\/"]},{"@type":"Person","@id":"https:\/\/juntosporquilmes.com.ar\/inicio\/#\/schema\/person\/92cffe5404a5f269643a19736afcca11","name":"admin-vdb","image":{"@type":"ImageObject","inLanguage":"es","@id":"https:\/\/secure.gravatar.com\/avatar\/a3bc68f4d20ac4e6b7246c64d9145e8058210e47d2e69a742e867048c31c224f?s=96&d=mm&r=g","url":"https:\/\/secure.gravatar.com\/avatar\/a3bc68f4d20ac4e6b7246c64d9145e8058210e47d2e69a742e867048c31c224f?s=96&d=mm&r=g","contentUrl":"https:\/\/secure.gravatar.com\/avatar\/a3bc68f4d20ac4e6b7246c64d9145e8058210e47d2e69a742e867048c31c224f?s=96&d=mm&r=g","caption":"admin-vdb"},"sameAs":["https:\/\/juntosporquilmes.com.ar\/inicio"],"url":"https:\/\/juntosporquilmes.com.ar\/inicio\/author\/admin-vdb\/"}]}},"_links":{"self":[{"href":"https:\/\/juntosporquilmes.com.ar\/inicio\/wp-json\/wp\/v2\/posts\/2657","targetHints":{"allow":["GET"]}}],"collection":[{"href":"https:\/\/juntosporquilmes.com.ar\/inicio\/wp-json\/wp\/v2\/posts"}],"about":[{"href":"https:\/\/juntosporquilmes.com.ar\/inicio\/wp-json\/wp\/v2\/types\/post"}],"author":[{"embeddable":true,"href":"https:\/\/juntosporquilmes.com.ar\/inicio\/wp-json\/wp\/v2\/users\/1"}],"replies":[{"embeddable":true,"href":"https:\/\/juntosporquilmes.com.ar\/inicio\/wp-json\/wp\/v2\/comments?post=2657"}],"version-history":[{"count":1,"href":"https:\/\/juntosporquilmes.com.ar\/inicio\/wp-json\/wp\/v2\/posts\/2657\/revisions"}],"predecessor-version":[{"id":2659,"href":"https:\/\/juntosporquilmes.com.ar\/inicio\/wp-json\/wp\/v2\/posts\/2657\/revisions\/2659"}],"wp:featuredmedia":[{"embeddable":true,"href":"https:\/\/juntosporquilmes.com.ar\/inicio\/wp-json\/wp\/v2\/media\/2658"}],"wp:attachment":[{"href":"https:\/\/juntosporquilmes.com.ar\/inicio\/wp-json\/wp\/v2\/media?parent=2657"}],"wp:term":[{"taxonomy":"category","embeddable":true,"href":"https:\/\/juntosporquilmes.com.ar\/inicio\/wp-json\/wp\/v2\/categories?post=2657"},{"taxonomy":"post_tag","embeddable":true,"href":"https:\/\/juntosporquilmes.com.ar\/inicio\/wp-json\/wp\/v2\/tags?post=2657"}],"curies":[{"name":"wp","href":"https:\/\/api.w.org\/{rel}","templated":true}]}}