{"id":2654,"date":"2022-05-07T01:01:00","date_gmt":"2022-05-07T01:01:00","guid":{"rendered":"https:\/\/juntosporquilmes.com.ar\/inicio\/?p=2654"},"modified":"2022-05-09T05:55:59","modified_gmt":"2022-05-09T05:55:59","slug":"la-provincia-administrara-la-casa-museo-eva-peron-de-los-toldos","status":"publish","type":"post","link":"https:\/\/juntosporquilmes.com.ar\/inicio\/2022\/05\/la-provincia-administrara-la-casa-museo-eva-peron-de-los-toldos\/","title":{"rendered":"LA PROVINCIA ADMINISTRAR\u00c1 LA CASA MUSEO EVA PER\u00d3N DE LOS TOLDOS"},"content":{"rendered":"\n<p>A 103 a\u00f1os del nacimiento de Eva Duarte de Per\u00f3n, el gobernador Axel Kicillof encabez\u00f3 el s\u00e1bado la firma del traspaso a la Provincia de la administraci\u00f3n de la Casa Museo Eva Per\u00f3n de la localidad de Los Toldos. Fue en el Sal\u00f3n Bicentenario del palacio municipal de General Viamonte, con la participaci\u00f3n de la vicegobernadora Ver\u00f3nica Magario; la presidenta del Instituto Cultural, Florencia Saintout; la ministra de Gobierno, Cristina \u00c1lvarez Rodr\u00edguez; y el intendente local, Franco Flexas. Adem\u00e1s, Junto al diputado nacional M\u00e1ximo Kirchner e intendentes bonaerenses, las autoridades recorrieron el complejo.<\/p>\n\n\n\n<p>Luego de la firma, el Gobernador particip\u00f3 del plenario de la rama femenina del PJ Bonaerense en homenaje a Eva Per\u00f3n.<\/p>\n\n\n\n<p>\u201cEn este d\u00eda tan especial en el que celebramos el nacimiento de una figura universal como Evita, estamos brindando al museo que se construy\u00f3 en su casa natal un tratamiento mucho m\u00e1s relevante en materia de inversi\u00f3n cultural\u201d, expres\u00f3 Kicillof y agreg\u00f3: \u201cEs un paso muy importante que damos junto al municipio para que la Casa Museo Eva Per\u00f3n se incorpore a la red de museos provinciales que estamos jerarquizando a lo largo y a lo ancho de toda la provincia\u201d.<\/p>\n\n\n\n<p>En ese sentido, el Gobernador remarc\u00f3 que \u201chac\u00eda falta m\u00e1s inversi\u00f3n, convicci\u00f3n y generosidad para que el museo tuviera mayor presencia y visibilidad\u201d. \u201cSe trata de recordar la historia de una mujer como Evita que forma parte de nuestra identidad como bonaerenses y como argentinos\u201d, se\u00f1al\u00f3.<\/p>\n\n\n\n<p>El complejo, que fue inaugurado en 2019 por el municipio de General Viamonte, estar\u00e1 a cargo del Instituto Cultural de la Provincia. Se trata de un espacio construido en la casa en la que Eva Per\u00f3n pas\u00f3 los primeros a\u00f1os de su infancia, con el prop\u00f3sito de evocar la memoria, la historia y su legado en su ciudad natal. Adem\u00e1s, se proyecta como un \u00e1mbito abierto al debate, la construcci\u00f3n y la interrelaci\u00f3n con la comunidad local, provincial, nacional e internacional.<\/p>\n\n\n\n<p>En tanto, Saintout resalt\u00f3 que \u201cen este aniversario es muy importante el acuerdo que celebramos para que la Provincia pueda pensar esta Casa Museo de Eva Per\u00f3n para todos y todas las bonaerenses\u201d, al tiempo que destac\u00f3 \u201cel trabajo que han realizado los y las trabajadores de la cultura para la puesta en marcha de esta propuesta museogr\u00e1fica\u201d.<\/p>\n\n\n\n<p>\u201cEste reconocimiento para poner en valor y hacernos cargo desde la Provincia de la Casa Museo de Evita implica reconocer nuestra historia y nuestra cultura para pensar qui\u00e9nes somos y hacia d\u00f3nde vamos\u201d, sostuvo Magario.<\/p>\n\n\n\n<p>El complejo cuenta con una propuesta museogr\u00e1fica dividida en tres salas. All\u00ed se representan la infancia de Evita, con elementos y muebles recuperados de su casa natal; y su acci\u00f3n pol\u00edtica y social, donde la visi\u00f3n hist\u00f3rica se reactualiza mediante piezas audiovisuales, gigantograf\u00edas y documentos que inspiran nuevas luchas y expresiones. Asimismo, se exhiben distintas versiones de su liderazgo, que ha trascendido a diversos colectivos sociales, culturales y pol\u00edticos, a partir de una muestra de la artista visual Marina Olmi con curadur\u00eda de Mar\u00eda Soledad Oyuela.<\/p>\n\n\n\n<p>\u00c1lvarez Rodr\u00edguez subray\u00f3 \u201cel esfuerzo que desde el Instituto Cultural de la Provincia se realiza para darle m\u00e1s intensidad y voltaje a este proyecto que empez\u00f3 en 1988\u201d. \u201cHoy le estamos dando una mayor importancia a la casa natal de Evita, una de las mujeres que ilumin\u00f3 nuestro mundo y el de los feminismos populares, abriendo nuevas posibilidades tambi\u00e9n para el municipio\u201d, indic\u00f3.&nbsp;<\/p>\n\n\n\n<p>Por su parte, el intendente Flexas remarc\u00f3: \u201cPara todo el pueblo de General Viamonte es muy importante recibir a las autoridades de una Provincia que pone como pol\u00edtica de Estado la necesidad de reconocer y proyectar la figura de Evita\u201d.<\/p>\n\n\n\n<p>\u201cHoy estamos promoviendo que el Museo Eva Per\u00f3n de la ciudad de Los Toldos tenga la jerarqu\u00eda que se merece\u201d, concluy\u00f3 Kicillof.<\/p>\n\n\n\n<p>Tambi\u00e9n estuvieron presentes la diputada provincial Viviana Guzzo; y el director del museo, Flavio Gulli.<\/p>\n","protected":false},"excerpt":{"rendered":"<p>A 103 a\u00f1os del nacimiento de Eva Duarte de Per\u00f3n, el gobernador Axel Kicillof encabez\u00f3 el s\u00e1bado la firma del traspaso a la Provincia de la administraci\u00f3n de la Casa Museo Eva Per\u00f3n de la localidad de Los Toldos. Fue en el Sal\u00f3n Bicentenario del palacio municipal de General Viamonte, con la participaci\u00f3n de la [&hellip;]<\/p>\n","protected":false},"author":1,"featured_media":2655,"comment_status":"open","ping_status":"open","sticky":false,"template":"","format":"standard","meta":{"footnotes":""},"categories":[12],"tags":[],"class_list":["post-2654","post","type-post","status-publish","format-standard","has-post-thumbnail","hentry","category-noticias"],"yoast_head":"<!-- This site is optimized with the Yoast SEO plugin v27.4 - https:\/\/yoast.com\/product\/yoast-seo-wordpress\/ -->\n<title>LA PROVINCIA ADMINISTRAR\u00c1 LA CASA MUSEO EVA PER\u00d3N DE LOS TOLDOS - Juntos por Quilmes<\/title>\n<meta name=\"robots\" content=\"index, follow, max-snippet:-1, max-image-preview:large, max-video-preview:-1\" \/>\n<link rel=\"canonical\" href=\"https:\/\/juntosporquilmes.com.ar\/inicio\/2022\/05\/la-provincia-administrara-la-casa-museo-eva-peron-de-los-toldos\/\" \/>\n<meta property=\"og:locale\" content=\"es_ES\" \/>\n<meta property=\"og:type\" content=\"article\" \/>\n<meta property=\"og:title\" content=\"LA PROVINCIA ADMINISTRAR\u00c1 LA CASA MUSEO EVA PER\u00d3N DE LOS TOLDOS - Juntos por Quilmes\" \/>\n<meta property=\"og:description\" content=\"A 103 a\u00f1os del nacimiento de Eva Duarte de Per\u00f3n, el gobernador Axel Kicillof encabez\u00f3 el s\u00e1bado la firma del traspaso a la Provincia de la administraci\u00f3n de la Casa Museo Eva Per\u00f3n de la localidad de Los Toldos. Fue en el Sal\u00f3n Bicentenario del palacio municipal de General Viamonte, con la participaci\u00f3n de la [&hellip;]\" \/>\n<meta property=\"og:url\" content=\"https:\/\/juntosporquilmes.com.ar\/inicio\/2022\/05\/la-provincia-administrara-la-casa-museo-eva-peron-de-los-toldos\/\" \/>\n<meta property=\"og:site_name\" content=\"Juntos por Quilmes\" \/>\n<meta property=\"article:publisher\" content=\"https:\/\/www.facebook.com\/juntosxquilmes\/\" \/>\n<meta property=\"article:published_time\" content=\"2022-05-07T01:01:00+00:00\" \/>\n<meta property=\"article:modified_time\" content=\"2022-05-09T05:55:59+00:00\" \/>\n<meta property=\"og:image\" content=\"https:\/\/juntosporquilmes.com.ar\/inicio\/wp-content\/uploads\/2022\/05\/casa.jpg\" \/>\n\t<meta property=\"og:image:width\" content=\"1134\" \/>\n\t<meta property=\"og:image:height\" content=\"809\" \/>\n\t<meta property=\"og:image:type\" content=\"image\/jpeg\" \/>\n<meta name=\"author\" content=\"admin-vdb\" \/>\n<meta name=\"twitter:card\" content=\"summary_large_image\" \/>\n<meta name=\"twitter:creator\" content=\"@JUNTOSXQUILMES\" \/>\n<meta name=\"twitter:site\" content=\"@JUNTOSXQUILMES\" \/>\n<script type=\"application\/ld+json\" class=\"yoast-schema-graph\">{\"@context\":\"https:\\\/\\\/schema.org\",\"@graph\":[{\"@type\":\"Article\",\"@id\":\"https:\\\/\\\/juntosporquilmes.com.ar\\\/inicio\\\/2022\\\/05\\\/la-provincia-administrara-la-casa-museo-eva-peron-de-los-toldos\\\/#article\",\"isPartOf\":{\"@id\":\"https:\\\/\\\/juntosporquilmes.com.ar\\\/inicio\\\/2022\\\/05\\\/la-provincia-administrara-la-casa-museo-eva-peron-de-los-toldos\\\/\"},\"author\":{\"name\":\"admin-vdb\",\"@id\":\"https:\\\/\\\/juntosporquilmes.com.ar\\\/inicio\\\/#\\\/schema\\\/person\\\/92cffe5404a5f269643a19736afcca11\"},\"headline\":\"LA PROVINCIA ADMINISTRAR\u00c1 LA CASA MUSEO EVA PER\u00d3N DE LOS TOLDOS\",\"datePublished\":\"2022-05-07T01:01:00+00:00\",\"dateModified\":\"2022-05-09T05:55:59+00:00\",\"mainEntityOfPage\":{\"@id\":\"https:\\\/\\\/juntosporquilmes.com.ar\\\/inicio\\\/2022\\\/05\\\/la-provincia-administrara-la-casa-museo-eva-peron-de-los-toldos\\\/\"},\"wordCount\":698,\"commentCount\":0,\"publisher\":{\"@id\":\"https:\\\/\\\/juntosporquilmes.com.ar\\\/inicio\\\/#organization\"},\"image\":{\"@id\":\"https:\\\/\\\/juntosporquilmes.com.ar\\\/inicio\\\/2022\\\/05\\\/la-provincia-administrara-la-casa-museo-eva-peron-de-los-toldos\\\/#primaryimage\"},\"thumbnailUrl\":\"https:\\\/\\\/juntosporquilmes.com.ar\\\/inicio\\\/wp-content\\\/uploads\\\/2022\\\/05\\\/casa.jpg\",\"articleSection\":[\"NOTICIAS\"],\"inLanguage\":\"es\",\"potentialAction\":[{\"@type\":\"CommentAction\",\"name\":\"Comment\",\"target\":[\"https:\\\/\\\/juntosporquilmes.com.ar\\\/inicio\\\/2022\\\/05\\\/la-provincia-administrara-la-casa-museo-eva-peron-de-los-toldos\\\/#respond\"]}]},{\"@type\":\"WebPage\",\"@id\":\"https:\\\/\\\/juntosporquilmes.com.ar\\\/inicio\\\/2022\\\/05\\\/la-provincia-administrara-la-casa-museo-eva-peron-de-los-toldos\\\/\",\"url\":\"https:\\\/\\\/juntosporquilmes.com.ar\\\/inicio\\\/2022\\\/05\\\/la-provincia-administrara-la-casa-museo-eva-peron-de-los-toldos\\\/\",\"name\":\"LA PROVINCIA ADMINISTRAR\u00c1 LA CASA MUSEO EVA PER\u00d3N DE LOS TOLDOS - Juntos por Quilmes\",\"isPartOf\":{\"@id\":\"https:\\\/\\\/juntosporquilmes.com.ar\\\/inicio\\\/#website\"},\"primaryImageOfPage\":{\"@id\":\"https:\\\/\\\/juntosporquilmes.com.ar\\\/inicio\\\/2022\\\/05\\\/la-provincia-administrara-la-casa-museo-eva-peron-de-los-toldos\\\/#primaryimage\"},\"image\":{\"@id\":\"https:\\\/\\\/juntosporquilmes.com.ar\\\/inicio\\\/2022\\\/05\\\/la-provincia-administrara-la-casa-museo-eva-peron-de-los-toldos\\\/#primaryimage\"},\"thumbnailUrl\":\"https:\\\/\\\/juntosporquilmes.com.ar\\\/inicio\\\/wp-content\\\/uploads\\\/2022\\\/05\\\/casa.jpg\",\"datePublished\":\"2022-05-07T01:01:00+00:00\",\"dateModified\":\"2022-05-09T05:55:59+00:00\",\"breadcrumb\":{\"@id\":\"https:\\\/\\\/juntosporquilmes.com.ar\\\/inicio\\\/2022\\\/05\\\/la-provincia-administrara-la-casa-museo-eva-peron-de-los-toldos\\\/#breadcrumb\"},\"inLanguage\":\"es\",\"potentialAction\":[{\"@type\":\"ReadAction\",\"target\":[\"https:\\\/\\\/juntosporquilmes.com.ar\\\/inicio\\\/2022\\\/05\\\/la-provincia-administrara-la-casa-museo-eva-peron-de-los-toldos\\\/\"]}]},{\"@type\":\"ImageObject\",\"inLanguage\":\"es\",\"@id\":\"https:\\\/\\\/juntosporquilmes.com.ar\\\/inicio\\\/2022\\\/05\\\/la-provincia-administrara-la-casa-museo-eva-peron-de-los-toldos\\\/#primaryimage\",\"url\":\"https:\\\/\\\/juntosporquilmes.com.ar\\\/inicio\\\/wp-content\\\/uploads\\\/2022\\\/05\\\/casa.jpg\",\"contentUrl\":\"https:\\\/\\\/juntosporquilmes.com.ar\\\/inicio\\\/wp-content\\\/uploads\\\/2022\\\/05\\\/casa.jpg\",\"width\":1134,\"height\":809},{\"@type\":\"BreadcrumbList\",\"@id\":\"https:\\\/\\\/juntosporquilmes.com.ar\\\/inicio\\\/2022\\\/05\\\/la-provincia-administrara-la-casa-museo-eva-peron-de-los-toldos\\\/#breadcrumb\",\"itemListElement\":[{\"@type\":\"ListItem\",\"position\":1,\"name\":\"Portada\",\"item\":\"https:\\\/\\\/juntosporquilmes.com.ar\\\/inicio\\\/\"},{\"@type\":\"ListItem\",\"position\":2,\"name\":\"LA PROVINCIA ADMINISTRAR\u00c1 LA CASA MUSEO EVA PER\u00d3N DE LOS TOLDOS\"}]},{\"@type\":\"WebSite\",\"@id\":\"https:\\\/\\\/juntosporquilmes.com.ar\\\/inicio\\\/#website\",\"url\":\"https:\\\/\\\/juntosporquilmes.com.ar\\\/inicio\\\/\",\"name\":\"Juntos por Quilmes\",\"description\":\"Corriente Peronista Juntos por Quilmes\",\"publisher\":{\"@id\":\"https:\\\/\\\/juntosporquilmes.com.ar\\\/inicio\\\/#organization\"},\"potentialAction\":[{\"@type\":\"SearchAction\",\"target\":{\"@type\":\"EntryPoint\",\"urlTemplate\":\"https:\\\/\\\/juntosporquilmes.com.ar\\\/inicio\\\/?s={search_term_string}\"},\"query-input\":{\"@type\":\"PropertyValueSpecification\",\"valueRequired\":true,\"valueName\":\"search_term_string\"}}],\"inLanguage\":\"es\"},{\"@type\":\"Organization\",\"@id\":\"https:\\\/\\\/juntosporquilmes.com.ar\\\/inicio\\\/#organization\",\"name\":\"Corriente Peronista Juntos por Quilmes\",\"url\":\"https:\\\/\\\/juntosporquilmes.com.ar\\\/inicio\\\/\",\"logo\":{\"@type\":\"ImageObject\",\"inLanguage\":\"es\",\"@id\":\"https:\\\/\\\/juntosporquilmes.com.ar\\\/inicio\\\/#\\\/schema\\\/logo\\\/image\\\/\",\"url\":\"https:\\\/\\\/juntosporquilmes.com.ar\\\/inicio\\\/wp-content\\\/uploads\\\/2023\\\/06\\\/logo-jpq-2023-b.png\",\"contentUrl\":\"https:\\\/\\\/juntosporquilmes.com.ar\\\/inicio\\\/wp-content\\\/uploads\\\/2023\\\/06\\\/logo-jpq-2023-b.png\",\"width\":2332,\"height\":645,\"caption\":\"Corriente Peronista Juntos por Quilmes\"},\"image\":{\"@id\":\"https:\\\/\\\/juntosporquilmes.com.ar\\\/inicio\\\/#\\\/schema\\\/logo\\\/image\\\/\"},\"sameAs\":[\"https:\\\/\\\/www.facebook.com\\\/juntosxquilmes\\\/\",\"https:\\\/\\\/x.com\\\/JUNTOSXQUILMES\",\"https:\\\/\\\/www.instagram.com\\\/juntos_por_quilmes\\\/\"]},{\"@type\":\"Person\",\"@id\":\"https:\\\/\\\/juntosporquilmes.com.ar\\\/inicio\\\/#\\\/schema\\\/person\\\/92cffe5404a5f269643a19736afcca11\",\"name\":\"admin-vdb\",\"image\":{\"@type\":\"ImageObject\",\"inLanguage\":\"es\",\"@id\":\"https:\\\/\\\/secure.gravatar.com\\\/avatar\\\/a3bc68f4d20ac4e6b7246c64d9145e8058210e47d2e69a742e867048c31c224f?s=96&d=mm&r=g\",\"url\":\"https:\\\/\\\/secure.gravatar.com\\\/avatar\\\/a3bc68f4d20ac4e6b7246c64d9145e8058210e47d2e69a742e867048c31c224f?s=96&d=mm&r=g\",\"contentUrl\":\"https:\\\/\\\/secure.gravatar.com\\\/avatar\\\/a3bc68f4d20ac4e6b7246c64d9145e8058210e47d2e69a742e867048c31c224f?s=96&d=mm&r=g\",\"caption\":\"admin-vdb\"},\"sameAs\":[\"https:\\\/\\\/juntosporquilmes.com.ar\\\/inicio\"],\"url\":\"https:\\\/\\\/juntosporquilmes.com.ar\\\/inicio\\\/author\\\/admin-vdb\\\/\"}]}<\/script>\n<!-- \/ Yoast SEO plugin. -->","yoast_head_json":{"title":"LA PROVINCIA ADMINISTRAR\u00c1 LA CASA MUSEO EVA PER\u00d3N DE LOS TOLDOS - Juntos por Quilmes","robots":{"index":"index","follow":"follow","max-snippet":"max-snippet:-1","max-image-preview":"max-image-preview:large","max-video-preview":"max-video-preview:-1"},"canonical":"https:\/\/juntosporquilmes.com.ar\/inicio\/2022\/05\/la-provincia-administrara-la-casa-museo-eva-peron-de-los-toldos\/","og_locale":"es_ES","og_type":"article","og_title":"LA PROVINCIA ADMINISTRAR\u00c1 LA CASA MUSEO EVA PER\u00d3N DE LOS TOLDOS - Juntos por Quilmes","og_description":"A 103 a\u00f1os del nacimiento de Eva Duarte de Per\u00f3n, el gobernador Axel Kicillof encabez\u00f3 el s\u00e1bado la firma del traspaso a la Provincia de la administraci\u00f3n de la Casa Museo Eva Per\u00f3n de la localidad de Los Toldos. Fue en el Sal\u00f3n Bicentenario del palacio municipal de General Viamonte, con la participaci\u00f3n de la [&hellip;]","og_url":"https:\/\/juntosporquilmes.com.ar\/inicio\/2022\/05\/la-provincia-administrara-la-casa-museo-eva-peron-de-los-toldos\/","og_site_name":"Juntos por Quilmes","article_publisher":"https:\/\/www.facebook.com\/juntosxquilmes\/","article_published_time":"2022-05-07T01:01:00+00:00","article_modified_time":"2022-05-09T05:55:59+00:00","og_image":[{"width":1134,"height":809,"url":"https:\/\/juntosporquilmes.com.ar\/inicio\/wp-content\/uploads\/2022\/05\/casa.jpg","type":"image\/jpeg"}],"author":"admin-vdb","twitter_card":"summary_large_image","twitter_creator":"@JUNTOSXQUILMES","twitter_site":"@JUNTOSXQUILMES","schema":{"@context":"https:\/\/schema.org","@graph":[{"@type":"Article","@id":"https:\/\/juntosporquilmes.com.ar\/inicio\/2022\/05\/la-provincia-administrara-la-casa-museo-eva-peron-de-los-toldos\/#article","isPartOf":{"@id":"https:\/\/juntosporquilmes.com.ar\/inicio\/2022\/05\/la-provincia-administrara-la-casa-museo-eva-peron-de-los-toldos\/"},"author":{"name":"admin-vdb","@id":"https:\/\/juntosporquilmes.com.ar\/inicio\/#\/schema\/person\/92cffe5404a5f269643a19736afcca11"},"headline":"LA PROVINCIA ADMINISTRAR\u00c1 LA CASA MUSEO EVA PER\u00d3N DE LOS TOLDOS","datePublished":"2022-05-07T01:01:00+00:00","dateModified":"2022-05-09T05:55:59+00:00","mainEntityOfPage":{"@id":"https:\/\/juntosporquilmes.com.ar\/inicio\/2022\/05\/la-provincia-administrara-la-casa-museo-eva-peron-de-los-toldos\/"},"wordCount":698,"commentCount":0,"publisher":{"@id":"https:\/\/juntosporquilmes.com.ar\/inicio\/#organization"},"image":{"@id":"https:\/\/juntosporquilmes.com.ar\/inicio\/2022\/05\/la-provincia-administrara-la-casa-museo-eva-peron-de-los-toldos\/#primaryimage"},"thumbnailUrl":"https:\/\/juntosporquilmes.com.ar\/inicio\/wp-content\/uploads\/2022\/05\/casa.jpg","articleSection":["NOTICIAS"],"inLanguage":"es","potentialAction":[{"@type":"CommentAction","name":"Comment","target":["https:\/\/juntosporquilmes.com.ar\/inicio\/2022\/05\/la-provincia-administrara-la-casa-museo-eva-peron-de-los-toldos\/#respond"]}]},{"@type":"WebPage","@id":"https:\/\/juntosporquilmes.com.ar\/inicio\/2022\/05\/la-provincia-administrara-la-casa-museo-eva-peron-de-los-toldos\/","url":"https:\/\/juntosporquilmes.com.ar\/inicio\/2022\/05\/la-provincia-administrara-la-casa-museo-eva-peron-de-los-toldos\/","name":"LA PROVINCIA ADMINISTRAR\u00c1 LA CASA MUSEO EVA PER\u00d3N DE LOS TOLDOS - Juntos por Quilmes","isPartOf":{"@id":"https:\/\/juntosporquilmes.com.ar\/inicio\/#website"},"primaryImageOfPage":{"@id":"https:\/\/juntosporquilmes.com.ar\/inicio\/2022\/05\/la-provincia-administrara-la-casa-museo-eva-peron-de-los-toldos\/#primaryimage"},"image":{"@id":"https:\/\/juntosporquilmes.com.ar\/inicio\/2022\/05\/la-provincia-administrara-la-casa-museo-eva-peron-de-los-toldos\/#primaryimage"},"thumbnailUrl":"https:\/\/juntosporquilmes.com.ar\/inicio\/wp-content\/uploads\/2022\/05\/casa.jpg","datePublished":"2022-05-07T01:01:00+00:00","dateModified":"2022-05-09T05:55:59+00:00","breadcrumb":{"@id":"https:\/\/juntosporquilmes.com.ar\/inicio\/2022\/05\/la-provincia-administrara-la-casa-museo-eva-peron-de-los-toldos\/#breadcrumb"},"inLanguage":"es","potentialAction":[{"@type":"ReadAction","target":["https:\/\/juntosporquilmes.com.ar\/inicio\/2022\/05\/la-provincia-administrara-la-casa-museo-eva-peron-de-los-toldos\/"]}]},{"@type":"ImageObject","inLanguage":"es","@id":"https:\/\/juntosporquilmes.com.ar\/inicio\/2022\/05\/la-provincia-administrara-la-casa-museo-eva-peron-de-los-toldos\/#primaryimage","url":"https:\/\/juntosporquilmes.com.ar\/inicio\/wp-content\/uploads\/2022\/05\/casa.jpg","contentUrl":"https:\/\/juntosporquilmes.com.ar\/inicio\/wp-content\/uploads\/2022\/05\/casa.jpg","width":1134,"height":809},{"@type":"BreadcrumbList","@id":"https:\/\/juntosporquilmes.com.ar\/inicio\/2022\/05\/la-provincia-administrara-la-casa-museo-eva-peron-de-los-toldos\/#breadcrumb","itemListElement":[{"@type":"ListItem","position":1,"name":"Portada","item":"https:\/\/juntosporquilmes.com.ar\/inicio\/"},{"@type":"ListItem","position":2,"name":"LA PROVINCIA ADMINISTRAR\u00c1 LA CASA MUSEO EVA PER\u00d3N DE LOS TOLDOS"}]},{"@type":"WebSite","@id":"https:\/\/juntosporquilmes.com.ar\/inicio\/#website","url":"https:\/\/juntosporquilmes.com.ar\/inicio\/","name":"Juntos por Quilmes","description":"Corriente Peronista Juntos por Quilmes","publisher":{"@id":"https:\/\/juntosporquilmes.com.ar\/inicio\/#organization"},"potentialAction":[{"@type":"SearchAction","target":{"@type":"EntryPoint","urlTemplate":"https:\/\/juntosporquilmes.com.ar\/inicio\/?s={search_term_string}"},"query-input":{"@type":"PropertyValueSpecification","valueRequired":true,"valueName":"search_term_string"}}],"inLanguage":"es"},{"@type":"Organization","@id":"https:\/\/juntosporquilmes.com.ar\/inicio\/#organization","name":"Corriente Peronista Juntos por Quilmes","url":"https:\/\/juntosporquilmes.com.ar\/inicio\/","logo":{"@type":"ImageObject","inLanguage":"es","@id":"https:\/\/juntosporquilmes.com.ar\/inicio\/#\/schema\/logo\/image\/","url":"https:\/\/juntosporquilmes.com.ar\/inicio\/wp-content\/uploads\/2023\/06\/logo-jpq-2023-b.png","contentUrl":"https:\/\/juntosporquilmes.com.ar\/inicio\/wp-content\/uploads\/2023\/06\/logo-jpq-2023-b.png","width":2332,"height":645,"caption":"Corriente Peronista Juntos por Quilmes"},"image":{"@id":"https:\/\/juntosporquilmes.com.ar\/inicio\/#\/schema\/logo\/image\/"},"sameAs":["https:\/\/www.facebook.com\/juntosxquilmes\/","https:\/\/x.com\/JUNTOSXQUILMES","https:\/\/www.instagram.com\/juntos_por_quilmes\/"]},{"@type":"Person","@id":"https:\/\/juntosporquilmes.com.ar\/inicio\/#\/schema\/person\/92cffe5404a5f269643a19736afcca11","name":"admin-vdb","image":{"@type":"ImageObject","inLanguage":"es","@id":"https:\/\/secure.gravatar.com\/avatar\/a3bc68f4d20ac4e6b7246c64d9145e8058210e47d2e69a742e867048c31c224f?s=96&d=mm&r=g","url":"https:\/\/secure.gravatar.com\/avatar\/a3bc68f4d20ac4e6b7246c64d9145e8058210e47d2e69a742e867048c31c224f?s=96&d=mm&r=g","contentUrl":"https:\/\/secure.gravatar.com\/avatar\/a3bc68f4d20ac4e6b7246c64d9145e8058210e47d2e69a742e867048c31c224f?s=96&d=mm&r=g","caption":"admin-vdb"},"sameAs":["https:\/\/juntosporquilmes.com.ar\/inicio"],"url":"https:\/\/juntosporquilmes.com.ar\/inicio\/author\/admin-vdb\/"}]}},"_links":{"self":[{"href":"https:\/\/juntosporquilmes.com.ar\/inicio\/wp-json\/wp\/v2\/posts\/2654","targetHints":{"allow":["GET"]}}],"collection":[{"href":"https:\/\/juntosporquilmes.com.ar\/inicio\/wp-json\/wp\/v2\/posts"}],"about":[{"href":"https:\/\/juntosporquilmes.com.ar\/inicio\/wp-json\/wp\/v2\/types\/post"}],"author":[{"embeddable":true,"href":"https:\/\/juntosporquilmes.com.ar\/inicio\/wp-json\/wp\/v2\/users\/1"}],"replies":[{"embeddable":true,"href":"https:\/\/juntosporquilmes.com.ar\/inicio\/wp-json\/wp\/v2\/comments?post=2654"}],"version-history":[{"count":1,"href":"https:\/\/juntosporquilmes.com.ar\/inicio\/wp-json\/wp\/v2\/posts\/2654\/revisions"}],"predecessor-version":[{"id":2656,"href":"https:\/\/juntosporquilmes.com.ar\/inicio\/wp-json\/wp\/v2\/posts\/2654\/revisions\/2656"}],"wp:featuredmedia":[{"embeddable":true,"href":"https:\/\/juntosporquilmes.com.ar\/inicio\/wp-json\/wp\/v2\/media\/2655"}],"wp:attachment":[{"href":"https:\/\/juntosporquilmes.com.ar\/inicio\/wp-json\/wp\/v2\/media?parent=2654"}],"wp:term":[{"taxonomy":"category","embeddable":true,"href":"https:\/\/juntosporquilmes.com.ar\/inicio\/wp-json\/wp\/v2\/categories?post=2654"},{"taxonomy":"post_tag","embeddable":true,"href":"https:\/\/juntosporquilmes.com.ar\/inicio\/wp-json\/wp\/v2\/tags?post=2654"}],"curies":[{"name":"wp","href":"https:\/\/api.w.org\/{rel}","templated":true}]}}