{"id":2651,"date":"2022-05-09T04:11:12","date_gmt":"2022-05-09T04:11:12","guid":{"rendered":"https:\/\/juntosporquilmes.com.ar\/inicio\/?p=2651"},"modified":"2022-05-09T04:11:13","modified_gmt":"2022-05-09T04:11:13","slug":"cristina-fernandez-apunto-contra-clarin-por-promover-la-insatisfaccion-democratica","status":"publish","type":"post","link":"https:\/\/juntosporquilmes.com.ar\/inicio\/2022\/05\/cristina-fernandez-apunto-contra-clarin-por-promover-la-insatisfaccion-democratica\/","title":{"rendered":"CRISTINA FERN\u00c1NDEZ APUNT\u00d3 CONTRA CLAR\u00cdN POR PROMOVER LA INSATISFACCI\u00d3N DEMOCR\u00c1TICA"},"content":{"rendered":"\n<p>La vicepresidenta Cristina Fern\u00e1ndez de Kirchner apunt\u00f3 contra \u00abel poder econ\u00f3mico medi\u00e1tico\u00bb y contrapuso dos tapas del diario Clar\u00edn a partir de las cuales el medio promueve la \u00abinsatisfacci\u00f3n democr\u00e1tica\u00bb.<\/p>\n\n\n\n<p>\u00abEjemplo de c\u00f3mo funciona el poder econ\u00f3mico medi\u00e1tico y la insatisfacci\u00f3n democr\u00e1tica que expuse en Chaco\u00bb, inici\u00f3 su mensaje la expresidenta en su cuenta de Twitter.<\/p>\n\n\n\n<p>Agreg\u00f3 un comentario comparando dos tapas del diario Clar\u00edn: \u00abMir\u00e1 lo que dec\u00eda Clar\u00edn dos domingos antes de que tengas que votar en las parlamentarias 2021 y mir\u00e1 lo que te dice hoy, cuando se est\u00e1 discutiendo tu salario\u00bb.<\/p>\n\n\n\n<p>El texto fue acompa\u00f1ado por dos im\u00e1genes en las que se remarcaron ambos titulares del peri\u00f3dico.<\/p>\n\n\n\n<p>En el primero se resalt\u00f3: \u00abArgentina va a las elecciones con el salario en d\u00f3lares m\u00e1s bajo en quince a\u00f1os\u00bb, tapa previa a las elecciones del a\u00f1o 2021.<\/p>\n\n\n\n<p>Mientras que en el titular del d\u00eda de ayer, el medio gr\u00e1fico titul\u00f3: \u00abLas paritarias por arriba del 60% complican m\u00e1s los planes de Guzm\u00e1n\u00bb.<\/p>\n\n\n\n<p>Cristina recibi\u00f3 el viernes el t\u00edtulo de Doctora Honoris Causa de la Universidad Nacional del Chaco Austral (Uncaus), el m\u00e1ximo galard\u00f3n acad\u00e9mico, y los s\u00edmbolos de su distinci\u00f3n, como el t\u00edtulo acad\u00e9mico, una estola y una medalla y luego brind\u00f3 una conferencia magistral titulada \u00abEstado, Poder y Sociedad: la insatisfacci\u00f3n democr\u00e1tica\u00bb. <\/p>\n","protected":false},"excerpt":{"rendered":"<p>La vicepresidenta Cristina Fern\u00e1ndez de Kirchner apunt\u00f3 contra \u00abel poder econ\u00f3mico medi\u00e1tico\u00bb y contrapuso dos tapas del diario Clar\u00edn a partir de las cuales el medio promueve la \u00abinsatisfacci\u00f3n democr\u00e1tica\u00bb. \u00abEjemplo de c\u00f3mo funciona el poder econ\u00f3mico medi\u00e1tico y la insatisfacci\u00f3n democr\u00e1tica que expuse en Chaco\u00bb, inici\u00f3 su mensaje la expresidenta en su cuenta de [&hellip;]<\/p>\n","protected":false},"author":1,"featured_media":2460,"comment_status":"open","ping_status":"open","sticky":false,"template":"","format":"standard","meta":{"footnotes":""},"categories":[12],"tags":[],"class_list":["post-2651","post","type-post","status-publish","format-standard","has-post-thumbnail","hentry","category-noticias"],"yoast_head":"<!-- This site is optimized with the Yoast SEO plugin v27.4 - https:\/\/yoast.com\/product\/yoast-seo-wordpress\/ -->\n<title>CRISTINA FERN\u00c1NDEZ APUNT\u00d3 CONTRA CLAR\u00cdN POR PROMOVER LA INSATISFACCI\u00d3N DEMOCR\u00c1TICA - Juntos por Quilmes<\/title>\n<meta name=\"robots\" content=\"index, follow, max-snippet:-1, max-image-preview:large, max-video-preview:-1\" \/>\n<link rel=\"canonical\" href=\"https:\/\/juntosporquilmes.com.ar\/inicio\/2022\/05\/cristina-fernandez-apunto-contra-clarin-por-promover-la-insatisfaccion-democratica\/\" \/>\n<meta property=\"og:locale\" content=\"es_ES\" \/>\n<meta property=\"og:type\" content=\"article\" \/>\n<meta property=\"og:title\" content=\"CRISTINA FERN\u00c1NDEZ APUNT\u00d3 CONTRA CLAR\u00cdN POR PROMOVER LA INSATISFACCI\u00d3N DEMOCR\u00c1TICA - Juntos por Quilmes\" \/>\n<meta property=\"og:description\" content=\"La vicepresidenta Cristina Fern\u00e1ndez de Kirchner apunt\u00f3 contra \u00abel poder econ\u00f3mico medi\u00e1tico\u00bb y contrapuso dos tapas del diario Clar\u00edn a partir de las cuales el medio promueve la \u00abinsatisfacci\u00f3n democr\u00e1tica\u00bb. \u00abEjemplo de c\u00f3mo funciona el poder econ\u00f3mico medi\u00e1tico y la insatisfacci\u00f3n democr\u00e1tica que expuse en Chaco\u00bb, inici\u00f3 su mensaje la expresidenta en su cuenta de [&hellip;]\" \/>\n<meta property=\"og:url\" content=\"https:\/\/juntosporquilmes.com.ar\/inicio\/2022\/05\/cristina-fernandez-apunto-contra-clarin-por-promover-la-insatisfaccion-democratica\/\" \/>\n<meta property=\"og:site_name\" content=\"Juntos por Quilmes\" \/>\n<meta property=\"article:publisher\" content=\"https:\/\/www.facebook.com\/juntosxquilmes\/\" \/>\n<meta property=\"article:published_time\" content=\"2022-05-09T04:11:12+00:00\" \/>\n<meta property=\"article:modified_time\" content=\"2022-05-09T04:11:13+00:00\" \/>\n<meta property=\"og:image\" content=\"https:\/\/juntosporquilmes.com.ar\/inicio\/wp-content\/uploads\/2022\/03\/cfk2.jpg\" \/>\n\t<meta property=\"og:image:width\" content=\"1134\" \/>\n\t<meta property=\"og:image:height\" content=\"756\" \/>\n\t<meta property=\"og:image:type\" content=\"image\/jpeg\" \/>\n<meta name=\"author\" content=\"admin-vdb\" \/>\n<meta name=\"twitter:card\" content=\"summary_large_image\" \/>\n<meta name=\"twitter:creator\" content=\"@JUNTOSXQUILMES\" \/>\n<meta name=\"twitter:site\" content=\"@JUNTOSXQUILMES\" \/>\n<script type=\"application\/ld+json\" class=\"yoast-schema-graph\">{\"@context\":\"https:\\\/\\\/schema.org\",\"@graph\":[{\"@type\":\"Article\",\"@id\":\"https:\\\/\\\/juntosporquilmes.com.ar\\\/inicio\\\/2022\\\/05\\\/cristina-fernandez-apunto-contra-clarin-por-promover-la-insatisfaccion-democratica\\\/#article\",\"isPartOf\":{\"@id\":\"https:\\\/\\\/juntosporquilmes.com.ar\\\/inicio\\\/2022\\\/05\\\/cristina-fernandez-apunto-contra-clarin-por-promover-la-insatisfaccion-democratica\\\/\"},\"author\":{\"name\":\"admin-vdb\",\"@id\":\"https:\\\/\\\/juntosporquilmes.com.ar\\\/inicio\\\/#\\\/schema\\\/person\\\/92cffe5404a5f269643a19736afcca11\"},\"headline\":\"CRISTINA FERN\u00c1NDEZ APUNT\u00d3 CONTRA CLAR\u00cdN POR PROMOVER LA INSATISFACCI\u00d3N DEMOCR\u00c1TICA\",\"datePublished\":\"2022-05-09T04:11:12+00:00\",\"dateModified\":\"2022-05-09T04:11:13+00:00\",\"mainEntityOfPage\":{\"@id\":\"https:\\\/\\\/juntosporquilmes.com.ar\\\/inicio\\\/2022\\\/05\\\/cristina-fernandez-apunto-contra-clarin-por-promover-la-insatisfaccion-democratica\\\/\"},\"wordCount\":261,\"commentCount\":0,\"publisher\":{\"@id\":\"https:\\\/\\\/juntosporquilmes.com.ar\\\/inicio\\\/#organization\"},\"image\":{\"@id\":\"https:\\\/\\\/juntosporquilmes.com.ar\\\/inicio\\\/2022\\\/05\\\/cristina-fernandez-apunto-contra-clarin-por-promover-la-insatisfaccion-democratica\\\/#primaryimage\"},\"thumbnailUrl\":\"https:\\\/\\\/juntosporquilmes.com.ar\\\/inicio\\\/wp-content\\\/uploads\\\/2022\\\/03\\\/cfk2.jpg\",\"articleSection\":[\"NOTICIAS\"],\"inLanguage\":\"es\",\"potentialAction\":[{\"@type\":\"CommentAction\",\"name\":\"Comment\",\"target\":[\"https:\\\/\\\/juntosporquilmes.com.ar\\\/inicio\\\/2022\\\/05\\\/cristina-fernandez-apunto-contra-clarin-por-promover-la-insatisfaccion-democratica\\\/#respond\"]}]},{\"@type\":\"WebPage\",\"@id\":\"https:\\\/\\\/juntosporquilmes.com.ar\\\/inicio\\\/2022\\\/05\\\/cristina-fernandez-apunto-contra-clarin-por-promover-la-insatisfaccion-democratica\\\/\",\"url\":\"https:\\\/\\\/juntosporquilmes.com.ar\\\/inicio\\\/2022\\\/05\\\/cristina-fernandez-apunto-contra-clarin-por-promover-la-insatisfaccion-democratica\\\/\",\"name\":\"CRISTINA FERN\u00c1NDEZ APUNT\u00d3 CONTRA CLAR\u00cdN POR PROMOVER LA INSATISFACCI\u00d3N DEMOCR\u00c1TICA - Juntos por Quilmes\",\"isPartOf\":{\"@id\":\"https:\\\/\\\/juntosporquilmes.com.ar\\\/inicio\\\/#website\"},\"primaryImageOfPage\":{\"@id\":\"https:\\\/\\\/juntosporquilmes.com.ar\\\/inicio\\\/2022\\\/05\\\/cristina-fernandez-apunto-contra-clarin-por-promover-la-insatisfaccion-democratica\\\/#primaryimage\"},\"image\":{\"@id\":\"https:\\\/\\\/juntosporquilmes.com.ar\\\/inicio\\\/2022\\\/05\\\/cristina-fernandez-apunto-contra-clarin-por-promover-la-insatisfaccion-democratica\\\/#primaryimage\"},\"thumbnailUrl\":\"https:\\\/\\\/juntosporquilmes.com.ar\\\/inicio\\\/wp-content\\\/uploads\\\/2022\\\/03\\\/cfk2.jpg\",\"datePublished\":\"2022-05-09T04:11:12+00:00\",\"dateModified\":\"2022-05-09T04:11:13+00:00\",\"breadcrumb\":{\"@id\":\"https:\\\/\\\/juntosporquilmes.com.ar\\\/inicio\\\/2022\\\/05\\\/cristina-fernandez-apunto-contra-clarin-por-promover-la-insatisfaccion-democratica\\\/#breadcrumb\"},\"inLanguage\":\"es\",\"potentialAction\":[{\"@type\":\"ReadAction\",\"target\":[\"https:\\\/\\\/juntosporquilmes.com.ar\\\/inicio\\\/2022\\\/05\\\/cristina-fernandez-apunto-contra-clarin-por-promover-la-insatisfaccion-democratica\\\/\"]}]},{\"@type\":\"ImageObject\",\"inLanguage\":\"es\",\"@id\":\"https:\\\/\\\/juntosporquilmes.com.ar\\\/inicio\\\/2022\\\/05\\\/cristina-fernandez-apunto-contra-clarin-por-promover-la-insatisfaccion-democratica\\\/#primaryimage\",\"url\":\"https:\\\/\\\/juntosporquilmes.com.ar\\\/inicio\\\/wp-content\\\/uploads\\\/2022\\\/03\\\/cfk2.jpg\",\"contentUrl\":\"https:\\\/\\\/juntosporquilmes.com.ar\\\/inicio\\\/wp-content\\\/uploads\\\/2022\\\/03\\\/cfk2.jpg\",\"width\":1134,\"height\":756},{\"@type\":\"BreadcrumbList\",\"@id\":\"https:\\\/\\\/juntosporquilmes.com.ar\\\/inicio\\\/2022\\\/05\\\/cristina-fernandez-apunto-contra-clarin-por-promover-la-insatisfaccion-democratica\\\/#breadcrumb\",\"itemListElement\":[{\"@type\":\"ListItem\",\"position\":1,\"name\":\"Portada\",\"item\":\"https:\\\/\\\/juntosporquilmes.com.ar\\\/inicio\\\/\"},{\"@type\":\"ListItem\",\"position\":2,\"name\":\"CRISTINA FERN\u00c1NDEZ APUNT\u00d3 CONTRA CLAR\u00cdN POR PROMOVER LA INSATISFACCI\u00d3N DEMOCR\u00c1TICA\"}]},{\"@type\":\"WebSite\",\"@id\":\"https:\\\/\\\/juntosporquilmes.com.ar\\\/inicio\\\/#website\",\"url\":\"https:\\\/\\\/juntosporquilmes.com.ar\\\/inicio\\\/\",\"name\":\"Juntos por Quilmes\",\"description\":\"Corriente Peronista Juntos por Quilmes\",\"publisher\":{\"@id\":\"https:\\\/\\\/juntosporquilmes.com.ar\\\/inicio\\\/#organization\"},\"potentialAction\":[{\"@type\":\"SearchAction\",\"target\":{\"@type\":\"EntryPoint\",\"urlTemplate\":\"https:\\\/\\\/juntosporquilmes.com.ar\\\/inicio\\\/?s={search_term_string}\"},\"query-input\":{\"@type\":\"PropertyValueSpecification\",\"valueRequired\":true,\"valueName\":\"search_term_string\"}}],\"inLanguage\":\"es\"},{\"@type\":\"Organization\",\"@id\":\"https:\\\/\\\/juntosporquilmes.com.ar\\\/inicio\\\/#organization\",\"name\":\"Corriente Peronista Juntos por Quilmes\",\"url\":\"https:\\\/\\\/juntosporquilmes.com.ar\\\/inicio\\\/\",\"logo\":{\"@type\":\"ImageObject\",\"inLanguage\":\"es\",\"@id\":\"https:\\\/\\\/juntosporquilmes.com.ar\\\/inicio\\\/#\\\/schema\\\/logo\\\/image\\\/\",\"url\":\"https:\\\/\\\/juntosporquilmes.com.ar\\\/inicio\\\/wp-content\\\/uploads\\\/2023\\\/06\\\/logo-jpq-2023-b.png\",\"contentUrl\":\"https:\\\/\\\/juntosporquilmes.com.ar\\\/inicio\\\/wp-content\\\/uploads\\\/2023\\\/06\\\/logo-jpq-2023-b.png\",\"width\":2332,\"height\":645,\"caption\":\"Corriente Peronista Juntos por Quilmes\"},\"image\":{\"@id\":\"https:\\\/\\\/juntosporquilmes.com.ar\\\/inicio\\\/#\\\/schema\\\/logo\\\/image\\\/\"},\"sameAs\":[\"https:\\\/\\\/www.facebook.com\\\/juntosxquilmes\\\/\",\"https:\\\/\\\/x.com\\\/JUNTOSXQUILMES\",\"https:\\\/\\\/www.instagram.com\\\/juntos_por_quilmes\\\/\"]},{\"@type\":\"Person\",\"@id\":\"https:\\\/\\\/juntosporquilmes.com.ar\\\/inicio\\\/#\\\/schema\\\/person\\\/92cffe5404a5f269643a19736afcca11\",\"name\":\"admin-vdb\",\"image\":{\"@type\":\"ImageObject\",\"inLanguage\":\"es\",\"@id\":\"https:\\\/\\\/secure.gravatar.com\\\/avatar\\\/a3bc68f4d20ac4e6b7246c64d9145e8058210e47d2e69a742e867048c31c224f?s=96&d=mm&r=g\",\"url\":\"https:\\\/\\\/secure.gravatar.com\\\/avatar\\\/a3bc68f4d20ac4e6b7246c64d9145e8058210e47d2e69a742e867048c31c224f?s=96&d=mm&r=g\",\"contentUrl\":\"https:\\\/\\\/secure.gravatar.com\\\/avatar\\\/a3bc68f4d20ac4e6b7246c64d9145e8058210e47d2e69a742e867048c31c224f?s=96&d=mm&r=g\",\"caption\":\"admin-vdb\"},\"sameAs\":[\"https:\\\/\\\/juntosporquilmes.com.ar\\\/inicio\"],\"url\":\"https:\\\/\\\/juntosporquilmes.com.ar\\\/inicio\\\/author\\\/admin-vdb\\\/\"}]}<\/script>\n<!-- \/ Yoast SEO plugin. -->","yoast_head_json":{"title":"CRISTINA FERN\u00c1NDEZ APUNT\u00d3 CONTRA CLAR\u00cdN POR PROMOVER LA INSATISFACCI\u00d3N DEMOCR\u00c1TICA - Juntos por Quilmes","robots":{"index":"index","follow":"follow","max-snippet":"max-snippet:-1","max-image-preview":"max-image-preview:large","max-video-preview":"max-video-preview:-1"},"canonical":"https:\/\/juntosporquilmes.com.ar\/inicio\/2022\/05\/cristina-fernandez-apunto-contra-clarin-por-promover-la-insatisfaccion-democratica\/","og_locale":"es_ES","og_type":"article","og_title":"CRISTINA FERN\u00c1NDEZ APUNT\u00d3 CONTRA CLAR\u00cdN POR PROMOVER LA INSATISFACCI\u00d3N DEMOCR\u00c1TICA - Juntos por Quilmes","og_description":"La vicepresidenta Cristina Fern\u00e1ndez de Kirchner apunt\u00f3 contra \u00abel poder econ\u00f3mico medi\u00e1tico\u00bb y contrapuso dos tapas del diario Clar\u00edn a partir de las cuales el medio promueve la \u00abinsatisfacci\u00f3n democr\u00e1tica\u00bb. \u00abEjemplo de c\u00f3mo funciona el poder econ\u00f3mico medi\u00e1tico y la insatisfacci\u00f3n democr\u00e1tica que expuse en Chaco\u00bb, inici\u00f3 su mensaje la expresidenta en su cuenta de [&hellip;]","og_url":"https:\/\/juntosporquilmes.com.ar\/inicio\/2022\/05\/cristina-fernandez-apunto-contra-clarin-por-promover-la-insatisfaccion-democratica\/","og_site_name":"Juntos por Quilmes","article_publisher":"https:\/\/www.facebook.com\/juntosxquilmes\/","article_published_time":"2022-05-09T04:11:12+00:00","article_modified_time":"2022-05-09T04:11:13+00:00","og_image":[{"width":1134,"height":756,"url":"https:\/\/juntosporquilmes.com.ar\/inicio\/wp-content\/uploads\/2022\/03\/cfk2.jpg","type":"image\/jpeg"}],"author":"admin-vdb","twitter_card":"summary_large_image","twitter_creator":"@JUNTOSXQUILMES","twitter_site":"@JUNTOSXQUILMES","schema":{"@context":"https:\/\/schema.org","@graph":[{"@type":"Article","@id":"https:\/\/juntosporquilmes.com.ar\/inicio\/2022\/05\/cristina-fernandez-apunto-contra-clarin-por-promover-la-insatisfaccion-democratica\/#article","isPartOf":{"@id":"https:\/\/juntosporquilmes.com.ar\/inicio\/2022\/05\/cristina-fernandez-apunto-contra-clarin-por-promover-la-insatisfaccion-democratica\/"},"author":{"name":"admin-vdb","@id":"https:\/\/juntosporquilmes.com.ar\/inicio\/#\/schema\/person\/92cffe5404a5f269643a19736afcca11"},"headline":"CRISTINA FERN\u00c1NDEZ APUNT\u00d3 CONTRA CLAR\u00cdN POR PROMOVER LA INSATISFACCI\u00d3N DEMOCR\u00c1TICA","datePublished":"2022-05-09T04:11:12+00:00","dateModified":"2022-05-09T04:11:13+00:00","mainEntityOfPage":{"@id":"https:\/\/juntosporquilmes.com.ar\/inicio\/2022\/05\/cristina-fernandez-apunto-contra-clarin-por-promover-la-insatisfaccion-democratica\/"},"wordCount":261,"commentCount":0,"publisher":{"@id":"https:\/\/juntosporquilmes.com.ar\/inicio\/#organization"},"image":{"@id":"https:\/\/juntosporquilmes.com.ar\/inicio\/2022\/05\/cristina-fernandez-apunto-contra-clarin-por-promover-la-insatisfaccion-democratica\/#primaryimage"},"thumbnailUrl":"https:\/\/juntosporquilmes.com.ar\/inicio\/wp-content\/uploads\/2022\/03\/cfk2.jpg","articleSection":["NOTICIAS"],"inLanguage":"es","potentialAction":[{"@type":"CommentAction","name":"Comment","target":["https:\/\/juntosporquilmes.com.ar\/inicio\/2022\/05\/cristina-fernandez-apunto-contra-clarin-por-promover-la-insatisfaccion-democratica\/#respond"]}]},{"@type":"WebPage","@id":"https:\/\/juntosporquilmes.com.ar\/inicio\/2022\/05\/cristina-fernandez-apunto-contra-clarin-por-promover-la-insatisfaccion-democratica\/","url":"https:\/\/juntosporquilmes.com.ar\/inicio\/2022\/05\/cristina-fernandez-apunto-contra-clarin-por-promover-la-insatisfaccion-democratica\/","name":"CRISTINA FERN\u00c1NDEZ APUNT\u00d3 CONTRA CLAR\u00cdN POR PROMOVER LA INSATISFACCI\u00d3N DEMOCR\u00c1TICA - Juntos por Quilmes","isPartOf":{"@id":"https:\/\/juntosporquilmes.com.ar\/inicio\/#website"},"primaryImageOfPage":{"@id":"https:\/\/juntosporquilmes.com.ar\/inicio\/2022\/05\/cristina-fernandez-apunto-contra-clarin-por-promover-la-insatisfaccion-democratica\/#primaryimage"},"image":{"@id":"https:\/\/juntosporquilmes.com.ar\/inicio\/2022\/05\/cristina-fernandez-apunto-contra-clarin-por-promover-la-insatisfaccion-democratica\/#primaryimage"},"thumbnailUrl":"https:\/\/juntosporquilmes.com.ar\/inicio\/wp-content\/uploads\/2022\/03\/cfk2.jpg","datePublished":"2022-05-09T04:11:12+00:00","dateModified":"2022-05-09T04:11:13+00:00","breadcrumb":{"@id":"https:\/\/juntosporquilmes.com.ar\/inicio\/2022\/05\/cristina-fernandez-apunto-contra-clarin-por-promover-la-insatisfaccion-democratica\/#breadcrumb"},"inLanguage":"es","potentialAction":[{"@type":"ReadAction","target":["https:\/\/juntosporquilmes.com.ar\/inicio\/2022\/05\/cristina-fernandez-apunto-contra-clarin-por-promover-la-insatisfaccion-democratica\/"]}]},{"@type":"ImageObject","inLanguage":"es","@id":"https:\/\/juntosporquilmes.com.ar\/inicio\/2022\/05\/cristina-fernandez-apunto-contra-clarin-por-promover-la-insatisfaccion-democratica\/#primaryimage","url":"https:\/\/juntosporquilmes.com.ar\/inicio\/wp-content\/uploads\/2022\/03\/cfk2.jpg","contentUrl":"https:\/\/juntosporquilmes.com.ar\/inicio\/wp-content\/uploads\/2022\/03\/cfk2.jpg","width":1134,"height":756},{"@type":"BreadcrumbList","@id":"https:\/\/juntosporquilmes.com.ar\/inicio\/2022\/05\/cristina-fernandez-apunto-contra-clarin-por-promover-la-insatisfaccion-democratica\/#breadcrumb","itemListElement":[{"@type":"ListItem","position":1,"name":"Portada","item":"https:\/\/juntosporquilmes.com.ar\/inicio\/"},{"@type":"ListItem","position":2,"name":"CRISTINA FERN\u00c1NDEZ APUNT\u00d3 CONTRA CLAR\u00cdN POR PROMOVER LA INSATISFACCI\u00d3N DEMOCR\u00c1TICA"}]},{"@type":"WebSite","@id":"https:\/\/juntosporquilmes.com.ar\/inicio\/#website","url":"https:\/\/juntosporquilmes.com.ar\/inicio\/","name":"Juntos por Quilmes","description":"Corriente Peronista Juntos por Quilmes","publisher":{"@id":"https:\/\/juntosporquilmes.com.ar\/inicio\/#organization"},"potentialAction":[{"@type":"SearchAction","target":{"@type":"EntryPoint","urlTemplate":"https:\/\/juntosporquilmes.com.ar\/inicio\/?s={search_term_string}"},"query-input":{"@type":"PropertyValueSpecification","valueRequired":true,"valueName":"search_term_string"}}],"inLanguage":"es"},{"@type":"Organization","@id":"https:\/\/juntosporquilmes.com.ar\/inicio\/#organization","name":"Corriente Peronista Juntos por Quilmes","url":"https:\/\/juntosporquilmes.com.ar\/inicio\/","logo":{"@type":"ImageObject","inLanguage":"es","@id":"https:\/\/juntosporquilmes.com.ar\/inicio\/#\/schema\/logo\/image\/","url":"https:\/\/juntosporquilmes.com.ar\/inicio\/wp-content\/uploads\/2023\/06\/logo-jpq-2023-b.png","contentUrl":"https:\/\/juntosporquilmes.com.ar\/inicio\/wp-content\/uploads\/2023\/06\/logo-jpq-2023-b.png","width":2332,"height":645,"caption":"Corriente Peronista Juntos por Quilmes"},"image":{"@id":"https:\/\/juntosporquilmes.com.ar\/inicio\/#\/schema\/logo\/image\/"},"sameAs":["https:\/\/www.facebook.com\/juntosxquilmes\/","https:\/\/x.com\/JUNTOSXQUILMES","https:\/\/www.instagram.com\/juntos_por_quilmes\/"]},{"@type":"Person","@id":"https:\/\/juntosporquilmes.com.ar\/inicio\/#\/schema\/person\/92cffe5404a5f269643a19736afcca11","name":"admin-vdb","image":{"@type":"ImageObject","inLanguage":"es","@id":"https:\/\/secure.gravatar.com\/avatar\/a3bc68f4d20ac4e6b7246c64d9145e8058210e47d2e69a742e867048c31c224f?s=96&d=mm&r=g","url":"https:\/\/secure.gravatar.com\/avatar\/a3bc68f4d20ac4e6b7246c64d9145e8058210e47d2e69a742e867048c31c224f?s=96&d=mm&r=g","contentUrl":"https:\/\/secure.gravatar.com\/avatar\/a3bc68f4d20ac4e6b7246c64d9145e8058210e47d2e69a742e867048c31c224f?s=96&d=mm&r=g","caption":"admin-vdb"},"sameAs":["https:\/\/juntosporquilmes.com.ar\/inicio"],"url":"https:\/\/juntosporquilmes.com.ar\/inicio\/author\/admin-vdb\/"}]}},"_links":{"self":[{"href":"https:\/\/juntosporquilmes.com.ar\/inicio\/wp-json\/wp\/v2\/posts\/2651","targetHints":{"allow":["GET"]}}],"collection":[{"href":"https:\/\/juntosporquilmes.com.ar\/inicio\/wp-json\/wp\/v2\/posts"}],"about":[{"href":"https:\/\/juntosporquilmes.com.ar\/inicio\/wp-json\/wp\/v2\/types\/post"}],"author":[{"embeddable":true,"href":"https:\/\/juntosporquilmes.com.ar\/inicio\/wp-json\/wp\/v2\/users\/1"}],"replies":[{"embeddable":true,"href":"https:\/\/juntosporquilmes.com.ar\/inicio\/wp-json\/wp\/v2\/comments?post=2651"}],"version-history":[{"count":1,"href":"https:\/\/juntosporquilmes.com.ar\/inicio\/wp-json\/wp\/v2\/posts\/2651\/revisions"}],"predecessor-version":[{"id":2652,"href":"https:\/\/juntosporquilmes.com.ar\/inicio\/wp-json\/wp\/v2\/posts\/2651\/revisions\/2652"}],"wp:featuredmedia":[{"embeddable":true,"href":"https:\/\/juntosporquilmes.com.ar\/inicio\/wp-json\/wp\/v2\/media\/2460"}],"wp:attachment":[{"href":"https:\/\/juntosporquilmes.com.ar\/inicio\/wp-json\/wp\/v2\/media?parent=2651"}],"wp:term":[{"taxonomy":"category","embeddable":true,"href":"https:\/\/juntosporquilmes.com.ar\/inicio\/wp-json\/wp\/v2\/categories?post=2651"},{"taxonomy":"post_tag","embeddable":true,"href":"https:\/\/juntosporquilmes.com.ar\/inicio\/wp-json\/wp\/v2\/tags?post=2651"}],"curies":[{"name":"wp","href":"https:\/\/api.w.org\/{rel}","templated":true}]}}