{"id":2642,"date":"2022-05-04T17:54:43","date_gmt":"2022-05-04T17:54:43","guid":{"rendered":"https:\/\/juntosporquilmes.com.ar\/inicio\/?p=2642"},"modified":"2022-05-04T17:54:45","modified_gmt":"2022-05-04T17:54:45","slug":"paradas-seguras-mayra-presento-los-nuevos-refugios-para-usuarios-del-transporte-publico","status":"publish","type":"post","link":"https:\/\/juntosporquilmes.com.ar\/inicio\/2022\/05\/paradas-seguras-mayra-presento-los-nuevos-refugios-para-usuarios-del-transporte-publico\/","title":{"rendered":"PARADAS SEGURAS: MAYRA PRESENT\u00d3 LOS NUEVOS REFUGIOS PARA USUARIOS DEL TRANSPORTE P\u00daBLICO"},"content":{"rendered":"\n<p>La intendenta de Quilmes, Mayra Mendoza, present\u00f3 este mi\u00e9rcoles una de las primeras Paradas Seguras de Quilmes, en el marco de la instalaci\u00f3n de 170 nuevos refugios para el transporte p\u00fablico equipados con tecnolog\u00eda y videovigilancia.<\/p>\n\n\n\n<p>\u201cPresentamos las Paradas Seguras en Quilmes, una pol\u00edtica impulsada por el Ministerio de Transporte de la Naci\u00f3n que tiene como objetivo instalar refugios de transporte con tecnolog\u00eda para que nuestros vecinos y vecinas est\u00e9n m\u00e1s seguros. Estas paradas tienen iluminaci\u00f3n LED, c\u00e1maras de videovigilancia incorporadas, bot\u00f3n de p\u00e1nico con intercomunicador al Centro de Emergencias Quilmes, alarma y Wifi\u201d, sostuvo Mayra.<\/p>\n\n\n\n<p>La Jefa comunal, al supervisar el funcionamiento de la Parada Segura ubicada en la intersecci\u00f3n de las avenidas Dardo Rocha y Montevideo, en Bernal Oeste, destac\u00f3: \u201cEn total, vamos a instalar 170 nuevos dispositivos en nuestra ciudad para avanzar con este compromiso de gesti\u00f3n, incluir m\u00e1s pol\u00edticas de prevenci\u00f3n y garantizar que los quilme\u00f1os y quilme\u00f1as vivan m\u00e1s tranquilos\u201d.<\/p>\n\n\n\n<p>Por su parte, el secretario de Seguridad y Ordenamiento Urbano, Gaspar De St\u00e9fano, inform\u00f3 que \u201ces una nueva propuesta financiada por el Ministerio de Transporte de la Naci\u00f3n que permitir\u00e1 que todos nuestros vecinos y vecinas que concurren diariamente a esperar el colectivo, lo hagan en condiciones de mayor seguridad, y se inscribe dentro del Plan Municipal para la Prevenci\u00f3n del Delito\u201d.<\/p>\n\n\n\n<p>Las Paradas Seguras son refugios modernos equipados con \u00faltima tecnolog\u00eda: c\u00e1maras de seguridad, alarma sonora, iluminaci\u00f3n LED, bot\u00f3n antip\u00e1nico con intercomunicador al Centro de Emergencias Quilmes (CEQ), luz estrobosc\u00f3pica, informaci\u00f3n est\u00e1tica sobre las l\u00edneas de colectivo que transitan por el lugar y Wifi.<\/p>\n\n\n\n<p>Los trabajos incluyen nuevo solado (contrapiso, piso de hormig\u00f3n peinado y baldosas podot\u00e1ctiles), metal\u00fargica (refugio), instalaci\u00f3n el\u00e9ctrica y ploteo.<\/p>\n\n\n\n<p>Participaron de la actividad el secretario de Gesti\u00f3n y Participaci\u00f3n Ciudadana comunal, Juli\u00e1n Bellido; el subsecretario de Emergencias, Protecci\u00f3n Civil y Transporte, Silvio Sarti; el coordinador general de Gesti\u00f3n P\u00fablica y Modernizaci\u00f3n de Gobierno, Alan Salvatore; el director de Patrulla Urbana Quilmes, Lucas Schuld; el director general de H\u00e1bitat, Hern\u00e1n Alba; la directora del Centro de Gesti\u00f3n Ciudadana de Bernal, Ver\u00f3nica Buj\u00e1n; el titular de la Base Operativa de Bernal, Juan Kolak, y la concejala Nair Abad.<\/p>\n","protected":false},"excerpt":{"rendered":"<p>La intendenta de Quilmes, Mayra Mendoza, present\u00f3 este mi\u00e9rcoles una de las primeras Paradas Seguras de Quilmes, en el marco de la instalaci\u00f3n de 170 nuevos refugios para el transporte p\u00fablico equipados con tecnolog\u00eda y videovigilancia. \u201cPresentamos las Paradas Seguras en Quilmes, una pol\u00edtica impulsada por el Ministerio de Transporte de la Naci\u00f3n que tiene [&hellip;]<\/p>\n","protected":false},"author":1,"featured_media":2643,"comment_status":"open","ping_status":"open","sticky":false,"template":"","format":"standard","meta":{"footnotes":""},"categories":[12],"tags":[],"class_list":["post-2642","post","type-post","status-publish","format-standard","has-post-thumbnail","hentry","category-noticias"],"yoast_head":"<!-- This site is optimized with the Yoast SEO plugin v27.4 - https:\/\/yoast.com\/product\/yoast-seo-wordpress\/ -->\n<title>PARADAS SEGURAS: MAYRA PRESENT\u00d3 LOS NUEVOS REFUGIOS PARA USUARIOS DEL TRANSPORTE P\u00daBLICO - Juntos por Quilmes<\/title>\n<meta name=\"robots\" content=\"index, follow, max-snippet:-1, max-image-preview:large, max-video-preview:-1\" \/>\n<link rel=\"canonical\" href=\"https:\/\/juntosporquilmes.com.ar\/inicio\/2022\/05\/paradas-seguras-mayra-presento-los-nuevos-refugios-para-usuarios-del-transporte-publico\/\" \/>\n<meta property=\"og:locale\" content=\"es_ES\" \/>\n<meta property=\"og:type\" content=\"article\" \/>\n<meta property=\"og:title\" content=\"PARADAS SEGURAS: MAYRA PRESENT\u00d3 LOS NUEVOS REFUGIOS PARA USUARIOS DEL TRANSPORTE P\u00daBLICO - Juntos por Quilmes\" \/>\n<meta property=\"og:description\" content=\"La intendenta de Quilmes, Mayra Mendoza, present\u00f3 este mi\u00e9rcoles una de las primeras Paradas Seguras de Quilmes, en el marco de la instalaci\u00f3n de 170 nuevos refugios para el transporte p\u00fablico equipados con tecnolog\u00eda y videovigilancia. \u201cPresentamos las Paradas Seguras en Quilmes, una pol\u00edtica impulsada por el Ministerio de Transporte de la Naci\u00f3n que tiene [&hellip;]\" \/>\n<meta property=\"og:url\" content=\"https:\/\/juntosporquilmes.com.ar\/inicio\/2022\/05\/paradas-seguras-mayra-presento-los-nuevos-refugios-para-usuarios-del-transporte-publico\/\" \/>\n<meta property=\"og:site_name\" content=\"Juntos por Quilmes\" \/>\n<meta property=\"article:publisher\" content=\"https:\/\/www.facebook.com\/juntosxquilmes\/\" \/>\n<meta property=\"article:published_time\" content=\"2022-05-04T17:54:43+00:00\" \/>\n<meta property=\"article:modified_time\" content=\"2022-05-04T17:54:45+00:00\" \/>\n<meta property=\"og:image\" content=\"https:\/\/juntosporquilmes.com.ar\/inicio\/wp-content\/uploads\/2022\/05\/PARADAS.jpg\" \/>\n\t<meta property=\"og:image:width\" content=\"1134\" \/>\n\t<meta property=\"og:image:height\" content=\"759\" \/>\n\t<meta property=\"og:image:type\" content=\"image\/jpeg\" \/>\n<meta name=\"author\" content=\"admin-vdb\" \/>\n<meta name=\"twitter:card\" content=\"summary_large_image\" \/>\n<meta name=\"twitter:creator\" content=\"@JUNTOSXQUILMES\" \/>\n<meta name=\"twitter:site\" content=\"@JUNTOSXQUILMES\" \/>\n<script type=\"application\/ld+json\" class=\"yoast-schema-graph\">{\"@context\":\"https:\\\/\\\/schema.org\",\"@graph\":[{\"@type\":\"Article\",\"@id\":\"https:\\\/\\\/juntosporquilmes.com.ar\\\/inicio\\\/2022\\\/05\\\/paradas-seguras-mayra-presento-los-nuevos-refugios-para-usuarios-del-transporte-publico\\\/#article\",\"isPartOf\":{\"@id\":\"https:\\\/\\\/juntosporquilmes.com.ar\\\/inicio\\\/2022\\\/05\\\/paradas-seguras-mayra-presento-los-nuevos-refugios-para-usuarios-del-transporte-publico\\\/\"},\"author\":{\"name\":\"admin-vdb\",\"@id\":\"https:\\\/\\\/juntosporquilmes.com.ar\\\/inicio\\\/#\\\/schema\\\/person\\\/92cffe5404a5f269643a19736afcca11\"},\"headline\":\"PARADAS SEGURAS: MAYRA PRESENT\u00d3 LOS NUEVOS REFUGIOS PARA USUARIOS DEL TRANSPORTE P\u00daBLICO\",\"datePublished\":\"2022-05-04T17:54:43+00:00\",\"dateModified\":\"2022-05-04T17:54:45+00:00\",\"mainEntityOfPage\":{\"@id\":\"https:\\\/\\\/juntosporquilmes.com.ar\\\/inicio\\\/2022\\\/05\\\/paradas-seguras-mayra-presento-los-nuevos-refugios-para-usuarios-del-transporte-publico\\\/\"},\"wordCount\":417,\"commentCount\":0,\"publisher\":{\"@id\":\"https:\\\/\\\/juntosporquilmes.com.ar\\\/inicio\\\/#organization\"},\"image\":{\"@id\":\"https:\\\/\\\/juntosporquilmes.com.ar\\\/inicio\\\/2022\\\/05\\\/paradas-seguras-mayra-presento-los-nuevos-refugios-para-usuarios-del-transporte-publico\\\/#primaryimage\"},\"thumbnailUrl\":\"https:\\\/\\\/juntosporquilmes.com.ar\\\/inicio\\\/wp-content\\\/uploads\\\/2022\\\/05\\\/PARADAS.jpg\",\"articleSection\":[\"NOTICIAS\"],\"inLanguage\":\"es\",\"potentialAction\":[{\"@type\":\"CommentAction\",\"name\":\"Comment\",\"target\":[\"https:\\\/\\\/juntosporquilmes.com.ar\\\/inicio\\\/2022\\\/05\\\/paradas-seguras-mayra-presento-los-nuevos-refugios-para-usuarios-del-transporte-publico\\\/#respond\"]}]},{\"@type\":\"WebPage\",\"@id\":\"https:\\\/\\\/juntosporquilmes.com.ar\\\/inicio\\\/2022\\\/05\\\/paradas-seguras-mayra-presento-los-nuevos-refugios-para-usuarios-del-transporte-publico\\\/\",\"url\":\"https:\\\/\\\/juntosporquilmes.com.ar\\\/inicio\\\/2022\\\/05\\\/paradas-seguras-mayra-presento-los-nuevos-refugios-para-usuarios-del-transporte-publico\\\/\",\"name\":\"PARADAS SEGURAS: MAYRA PRESENT\u00d3 LOS NUEVOS REFUGIOS PARA USUARIOS DEL TRANSPORTE P\u00daBLICO - Juntos por Quilmes\",\"isPartOf\":{\"@id\":\"https:\\\/\\\/juntosporquilmes.com.ar\\\/inicio\\\/#website\"},\"primaryImageOfPage\":{\"@id\":\"https:\\\/\\\/juntosporquilmes.com.ar\\\/inicio\\\/2022\\\/05\\\/paradas-seguras-mayra-presento-los-nuevos-refugios-para-usuarios-del-transporte-publico\\\/#primaryimage\"},\"image\":{\"@id\":\"https:\\\/\\\/juntosporquilmes.com.ar\\\/inicio\\\/2022\\\/05\\\/paradas-seguras-mayra-presento-los-nuevos-refugios-para-usuarios-del-transporte-publico\\\/#primaryimage\"},\"thumbnailUrl\":\"https:\\\/\\\/juntosporquilmes.com.ar\\\/inicio\\\/wp-content\\\/uploads\\\/2022\\\/05\\\/PARADAS.jpg\",\"datePublished\":\"2022-05-04T17:54:43+00:00\",\"dateModified\":\"2022-05-04T17:54:45+00:00\",\"breadcrumb\":{\"@id\":\"https:\\\/\\\/juntosporquilmes.com.ar\\\/inicio\\\/2022\\\/05\\\/paradas-seguras-mayra-presento-los-nuevos-refugios-para-usuarios-del-transporte-publico\\\/#breadcrumb\"},\"inLanguage\":\"es\",\"potentialAction\":[{\"@type\":\"ReadAction\",\"target\":[\"https:\\\/\\\/juntosporquilmes.com.ar\\\/inicio\\\/2022\\\/05\\\/paradas-seguras-mayra-presento-los-nuevos-refugios-para-usuarios-del-transporte-publico\\\/\"]}]},{\"@type\":\"ImageObject\",\"inLanguage\":\"es\",\"@id\":\"https:\\\/\\\/juntosporquilmes.com.ar\\\/inicio\\\/2022\\\/05\\\/paradas-seguras-mayra-presento-los-nuevos-refugios-para-usuarios-del-transporte-publico\\\/#primaryimage\",\"url\":\"https:\\\/\\\/juntosporquilmes.com.ar\\\/inicio\\\/wp-content\\\/uploads\\\/2022\\\/05\\\/PARADAS.jpg\",\"contentUrl\":\"https:\\\/\\\/juntosporquilmes.com.ar\\\/inicio\\\/wp-content\\\/uploads\\\/2022\\\/05\\\/PARADAS.jpg\",\"width\":1134,\"height\":759},{\"@type\":\"BreadcrumbList\",\"@id\":\"https:\\\/\\\/juntosporquilmes.com.ar\\\/inicio\\\/2022\\\/05\\\/paradas-seguras-mayra-presento-los-nuevos-refugios-para-usuarios-del-transporte-publico\\\/#breadcrumb\",\"itemListElement\":[{\"@type\":\"ListItem\",\"position\":1,\"name\":\"Portada\",\"item\":\"https:\\\/\\\/juntosporquilmes.com.ar\\\/inicio\\\/\"},{\"@type\":\"ListItem\",\"position\":2,\"name\":\"PARADAS SEGURAS: MAYRA PRESENT\u00d3 LOS NUEVOS REFUGIOS PARA USUARIOS DEL TRANSPORTE P\u00daBLICO\"}]},{\"@type\":\"WebSite\",\"@id\":\"https:\\\/\\\/juntosporquilmes.com.ar\\\/inicio\\\/#website\",\"url\":\"https:\\\/\\\/juntosporquilmes.com.ar\\\/inicio\\\/\",\"name\":\"Juntos por Quilmes\",\"description\":\"Corriente Peronista Juntos por Quilmes\",\"publisher\":{\"@id\":\"https:\\\/\\\/juntosporquilmes.com.ar\\\/inicio\\\/#organization\"},\"potentialAction\":[{\"@type\":\"SearchAction\",\"target\":{\"@type\":\"EntryPoint\",\"urlTemplate\":\"https:\\\/\\\/juntosporquilmes.com.ar\\\/inicio\\\/?s={search_term_string}\"},\"query-input\":{\"@type\":\"PropertyValueSpecification\",\"valueRequired\":true,\"valueName\":\"search_term_string\"}}],\"inLanguage\":\"es\"},{\"@type\":\"Organization\",\"@id\":\"https:\\\/\\\/juntosporquilmes.com.ar\\\/inicio\\\/#organization\",\"name\":\"Corriente Peronista Juntos por Quilmes\",\"url\":\"https:\\\/\\\/juntosporquilmes.com.ar\\\/inicio\\\/\",\"logo\":{\"@type\":\"ImageObject\",\"inLanguage\":\"es\",\"@id\":\"https:\\\/\\\/juntosporquilmes.com.ar\\\/inicio\\\/#\\\/schema\\\/logo\\\/image\\\/\",\"url\":\"https:\\\/\\\/juntosporquilmes.com.ar\\\/inicio\\\/wp-content\\\/uploads\\\/2023\\\/06\\\/logo-jpq-2023-b.png\",\"contentUrl\":\"https:\\\/\\\/juntosporquilmes.com.ar\\\/inicio\\\/wp-content\\\/uploads\\\/2023\\\/06\\\/logo-jpq-2023-b.png\",\"width\":2332,\"height\":645,\"caption\":\"Corriente Peronista Juntos por Quilmes\"},\"image\":{\"@id\":\"https:\\\/\\\/juntosporquilmes.com.ar\\\/inicio\\\/#\\\/schema\\\/logo\\\/image\\\/\"},\"sameAs\":[\"https:\\\/\\\/www.facebook.com\\\/juntosxquilmes\\\/\",\"https:\\\/\\\/x.com\\\/JUNTOSXQUILMES\",\"https:\\\/\\\/www.instagram.com\\\/juntos_por_quilmes\\\/\"]},{\"@type\":\"Person\",\"@id\":\"https:\\\/\\\/juntosporquilmes.com.ar\\\/inicio\\\/#\\\/schema\\\/person\\\/92cffe5404a5f269643a19736afcca11\",\"name\":\"admin-vdb\",\"image\":{\"@type\":\"ImageObject\",\"inLanguage\":\"es\",\"@id\":\"https:\\\/\\\/secure.gravatar.com\\\/avatar\\\/a3bc68f4d20ac4e6b7246c64d9145e8058210e47d2e69a742e867048c31c224f?s=96&d=mm&r=g\",\"url\":\"https:\\\/\\\/secure.gravatar.com\\\/avatar\\\/a3bc68f4d20ac4e6b7246c64d9145e8058210e47d2e69a742e867048c31c224f?s=96&d=mm&r=g\",\"contentUrl\":\"https:\\\/\\\/secure.gravatar.com\\\/avatar\\\/a3bc68f4d20ac4e6b7246c64d9145e8058210e47d2e69a742e867048c31c224f?s=96&d=mm&r=g\",\"caption\":\"admin-vdb\"},\"sameAs\":[\"https:\\\/\\\/juntosporquilmes.com.ar\\\/inicio\"],\"url\":\"https:\\\/\\\/juntosporquilmes.com.ar\\\/inicio\\\/author\\\/admin-vdb\\\/\"}]}<\/script>\n<!-- \/ Yoast SEO plugin. -->","yoast_head_json":{"title":"PARADAS SEGURAS: MAYRA PRESENT\u00d3 LOS NUEVOS REFUGIOS PARA USUARIOS DEL TRANSPORTE P\u00daBLICO - Juntos por Quilmes","robots":{"index":"index","follow":"follow","max-snippet":"max-snippet:-1","max-image-preview":"max-image-preview:large","max-video-preview":"max-video-preview:-1"},"canonical":"https:\/\/juntosporquilmes.com.ar\/inicio\/2022\/05\/paradas-seguras-mayra-presento-los-nuevos-refugios-para-usuarios-del-transporte-publico\/","og_locale":"es_ES","og_type":"article","og_title":"PARADAS SEGURAS: MAYRA PRESENT\u00d3 LOS NUEVOS REFUGIOS PARA USUARIOS DEL TRANSPORTE P\u00daBLICO - Juntos por Quilmes","og_description":"La intendenta de Quilmes, Mayra Mendoza, present\u00f3 este mi\u00e9rcoles una de las primeras Paradas Seguras de Quilmes, en el marco de la instalaci\u00f3n de 170 nuevos refugios para el transporte p\u00fablico equipados con tecnolog\u00eda y videovigilancia. \u201cPresentamos las Paradas Seguras en Quilmes, una pol\u00edtica impulsada por el Ministerio de Transporte de la Naci\u00f3n que tiene [&hellip;]","og_url":"https:\/\/juntosporquilmes.com.ar\/inicio\/2022\/05\/paradas-seguras-mayra-presento-los-nuevos-refugios-para-usuarios-del-transporte-publico\/","og_site_name":"Juntos por Quilmes","article_publisher":"https:\/\/www.facebook.com\/juntosxquilmes\/","article_published_time":"2022-05-04T17:54:43+00:00","article_modified_time":"2022-05-04T17:54:45+00:00","og_image":[{"width":1134,"height":759,"url":"https:\/\/juntosporquilmes.com.ar\/inicio\/wp-content\/uploads\/2022\/05\/PARADAS.jpg","type":"image\/jpeg"}],"author":"admin-vdb","twitter_card":"summary_large_image","twitter_creator":"@JUNTOSXQUILMES","twitter_site":"@JUNTOSXQUILMES","schema":{"@context":"https:\/\/schema.org","@graph":[{"@type":"Article","@id":"https:\/\/juntosporquilmes.com.ar\/inicio\/2022\/05\/paradas-seguras-mayra-presento-los-nuevos-refugios-para-usuarios-del-transporte-publico\/#article","isPartOf":{"@id":"https:\/\/juntosporquilmes.com.ar\/inicio\/2022\/05\/paradas-seguras-mayra-presento-los-nuevos-refugios-para-usuarios-del-transporte-publico\/"},"author":{"name":"admin-vdb","@id":"https:\/\/juntosporquilmes.com.ar\/inicio\/#\/schema\/person\/92cffe5404a5f269643a19736afcca11"},"headline":"PARADAS SEGURAS: MAYRA PRESENT\u00d3 LOS NUEVOS REFUGIOS PARA USUARIOS DEL TRANSPORTE P\u00daBLICO","datePublished":"2022-05-04T17:54:43+00:00","dateModified":"2022-05-04T17:54:45+00:00","mainEntityOfPage":{"@id":"https:\/\/juntosporquilmes.com.ar\/inicio\/2022\/05\/paradas-seguras-mayra-presento-los-nuevos-refugios-para-usuarios-del-transporte-publico\/"},"wordCount":417,"commentCount":0,"publisher":{"@id":"https:\/\/juntosporquilmes.com.ar\/inicio\/#organization"},"image":{"@id":"https:\/\/juntosporquilmes.com.ar\/inicio\/2022\/05\/paradas-seguras-mayra-presento-los-nuevos-refugios-para-usuarios-del-transporte-publico\/#primaryimage"},"thumbnailUrl":"https:\/\/juntosporquilmes.com.ar\/inicio\/wp-content\/uploads\/2022\/05\/PARADAS.jpg","articleSection":["NOTICIAS"],"inLanguage":"es","potentialAction":[{"@type":"CommentAction","name":"Comment","target":["https:\/\/juntosporquilmes.com.ar\/inicio\/2022\/05\/paradas-seguras-mayra-presento-los-nuevos-refugios-para-usuarios-del-transporte-publico\/#respond"]}]},{"@type":"WebPage","@id":"https:\/\/juntosporquilmes.com.ar\/inicio\/2022\/05\/paradas-seguras-mayra-presento-los-nuevos-refugios-para-usuarios-del-transporte-publico\/","url":"https:\/\/juntosporquilmes.com.ar\/inicio\/2022\/05\/paradas-seguras-mayra-presento-los-nuevos-refugios-para-usuarios-del-transporte-publico\/","name":"PARADAS SEGURAS: MAYRA PRESENT\u00d3 LOS NUEVOS REFUGIOS PARA USUARIOS DEL TRANSPORTE P\u00daBLICO - Juntos por Quilmes","isPartOf":{"@id":"https:\/\/juntosporquilmes.com.ar\/inicio\/#website"},"primaryImageOfPage":{"@id":"https:\/\/juntosporquilmes.com.ar\/inicio\/2022\/05\/paradas-seguras-mayra-presento-los-nuevos-refugios-para-usuarios-del-transporte-publico\/#primaryimage"},"image":{"@id":"https:\/\/juntosporquilmes.com.ar\/inicio\/2022\/05\/paradas-seguras-mayra-presento-los-nuevos-refugios-para-usuarios-del-transporte-publico\/#primaryimage"},"thumbnailUrl":"https:\/\/juntosporquilmes.com.ar\/inicio\/wp-content\/uploads\/2022\/05\/PARADAS.jpg","datePublished":"2022-05-04T17:54:43+00:00","dateModified":"2022-05-04T17:54:45+00:00","breadcrumb":{"@id":"https:\/\/juntosporquilmes.com.ar\/inicio\/2022\/05\/paradas-seguras-mayra-presento-los-nuevos-refugios-para-usuarios-del-transporte-publico\/#breadcrumb"},"inLanguage":"es","potentialAction":[{"@type":"ReadAction","target":["https:\/\/juntosporquilmes.com.ar\/inicio\/2022\/05\/paradas-seguras-mayra-presento-los-nuevos-refugios-para-usuarios-del-transporte-publico\/"]}]},{"@type":"ImageObject","inLanguage":"es","@id":"https:\/\/juntosporquilmes.com.ar\/inicio\/2022\/05\/paradas-seguras-mayra-presento-los-nuevos-refugios-para-usuarios-del-transporte-publico\/#primaryimage","url":"https:\/\/juntosporquilmes.com.ar\/inicio\/wp-content\/uploads\/2022\/05\/PARADAS.jpg","contentUrl":"https:\/\/juntosporquilmes.com.ar\/inicio\/wp-content\/uploads\/2022\/05\/PARADAS.jpg","width":1134,"height":759},{"@type":"BreadcrumbList","@id":"https:\/\/juntosporquilmes.com.ar\/inicio\/2022\/05\/paradas-seguras-mayra-presento-los-nuevos-refugios-para-usuarios-del-transporte-publico\/#breadcrumb","itemListElement":[{"@type":"ListItem","position":1,"name":"Portada","item":"https:\/\/juntosporquilmes.com.ar\/inicio\/"},{"@type":"ListItem","position":2,"name":"PARADAS SEGURAS: MAYRA PRESENT\u00d3 LOS NUEVOS REFUGIOS PARA USUARIOS DEL TRANSPORTE P\u00daBLICO"}]},{"@type":"WebSite","@id":"https:\/\/juntosporquilmes.com.ar\/inicio\/#website","url":"https:\/\/juntosporquilmes.com.ar\/inicio\/","name":"Juntos por Quilmes","description":"Corriente Peronista Juntos por Quilmes","publisher":{"@id":"https:\/\/juntosporquilmes.com.ar\/inicio\/#organization"},"potentialAction":[{"@type":"SearchAction","target":{"@type":"EntryPoint","urlTemplate":"https:\/\/juntosporquilmes.com.ar\/inicio\/?s={search_term_string}"},"query-input":{"@type":"PropertyValueSpecification","valueRequired":true,"valueName":"search_term_string"}}],"inLanguage":"es"},{"@type":"Organization","@id":"https:\/\/juntosporquilmes.com.ar\/inicio\/#organization","name":"Corriente Peronista Juntos por Quilmes","url":"https:\/\/juntosporquilmes.com.ar\/inicio\/","logo":{"@type":"ImageObject","inLanguage":"es","@id":"https:\/\/juntosporquilmes.com.ar\/inicio\/#\/schema\/logo\/image\/","url":"https:\/\/juntosporquilmes.com.ar\/inicio\/wp-content\/uploads\/2023\/06\/logo-jpq-2023-b.png","contentUrl":"https:\/\/juntosporquilmes.com.ar\/inicio\/wp-content\/uploads\/2023\/06\/logo-jpq-2023-b.png","width":2332,"height":645,"caption":"Corriente Peronista Juntos por Quilmes"},"image":{"@id":"https:\/\/juntosporquilmes.com.ar\/inicio\/#\/schema\/logo\/image\/"},"sameAs":["https:\/\/www.facebook.com\/juntosxquilmes\/","https:\/\/x.com\/JUNTOSXQUILMES","https:\/\/www.instagram.com\/juntos_por_quilmes\/"]},{"@type":"Person","@id":"https:\/\/juntosporquilmes.com.ar\/inicio\/#\/schema\/person\/92cffe5404a5f269643a19736afcca11","name":"admin-vdb","image":{"@type":"ImageObject","inLanguage":"es","@id":"https:\/\/secure.gravatar.com\/avatar\/a3bc68f4d20ac4e6b7246c64d9145e8058210e47d2e69a742e867048c31c224f?s=96&d=mm&r=g","url":"https:\/\/secure.gravatar.com\/avatar\/a3bc68f4d20ac4e6b7246c64d9145e8058210e47d2e69a742e867048c31c224f?s=96&d=mm&r=g","contentUrl":"https:\/\/secure.gravatar.com\/avatar\/a3bc68f4d20ac4e6b7246c64d9145e8058210e47d2e69a742e867048c31c224f?s=96&d=mm&r=g","caption":"admin-vdb"},"sameAs":["https:\/\/juntosporquilmes.com.ar\/inicio"],"url":"https:\/\/juntosporquilmes.com.ar\/inicio\/author\/admin-vdb\/"}]}},"_links":{"self":[{"href":"https:\/\/juntosporquilmes.com.ar\/inicio\/wp-json\/wp\/v2\/posts\/2642","targetHints":{"allow":["GET"]}}],"collection":[{"href":"https:\/\/juntosporquilmes.com.ar\/inicio\/wp-json\/wp\/v2\/posts"}],"about":[{"href":"https:\/\/juntosporquilmes.com.ar\/inicio\/wp-json\/wp\/v2\/types\/post"}],"author":[{"embeddable":true,"href":"https:\/\/juntosporquilmes.com.ar\/inicio\/wp-json\/wp\/v2\/users\/1"}],"replies":[{"embeddable":true,"href":"https:\/\/juntosporquilmes.com.ar\/inicio\/wp-json\/wp\/v2\/comments?post=2642"}],"version-history":[{"count":1,"href":"https:\/\/juntosporquilmes.com.ar\/inicio\/wp-json\/wp\/v2\/posts\/2642\/revisions"}],"predecessor-version":[{"id":2644,"href":"https:\/\/juntosporquilmes.com.ar\/inicio\/wp-json\/wp\/v2\/posts\/2642\/revisions\/2644"}],"wp:featuredmedia":[{"embeddable":true,"href":"https:\/\/juntosporquilmes.com.ar\/inicio\/wp-json\/wp\/v2\/media\/2643"}],"wp:attachment":[{"href":"https:\/\/juntosporquilmes.com.ar\/inicio\/wp-json\/wp\/v2\/media?parent=2642"}],"wp:term":[{"taxonomy":"category","embeddable":true,"href":"https:\/\/juntosporquilmes.com.ar\/inicio\/wp-json\/wp\/v2\/categories?post=2642"},{"taxonomy":"post_tag","embeddable":true,"href":"https:\/\/juntosporquilmes.com.ar\/inicio\/wp-json\/wp\/v2\/tags?post=2642"}],"curies":[{"name":"wp","href":"https:\/\/api.w.org\/{rel}","templated":true}]}}