{"id":2637,"date":"2022-05-03T21:55:03","date_gmt":"2022-05-03T21:55:03","guid":{"rendered":"https:\/\/juntosporquilmes.com.ar\/inicio\/?p=2637"},"modified":"2022-05-03T22:19:24","modified_gmt":"2022-05-03T22:19:24","slug":"alberto-fernandez-nadie-es-dueno-del-gobierno-el-gobierno-es-del-pueblo","status":"publish","type":"post","link":"https:\/\/juntosporquilmes.com.ar\/inicio\/2022\/05\/alberto-fernandez-nadie-es-dueno-del-gobierno-el-gobierno-es-del-pueblo\/","title":{"rendered":"ALBERTO FERN\u00c1NDEZ: \u00abNADIE ES DUE\u00d1O DEL GOBIERNO, EL GOBIERNO ES DEL PUEBLO\u00bb"},"content":{"rendered":"\n<p>El presidente Alberto Fern\u00e1ndez subray\u00f3 hoy que \u00abnadie es due\u00f1o del gobierno; el gobierno es del pueblo\u00bb, ratific\u00f3 su objetivo de trabajar \u00abcumpliendo con los compromisos\u00bb que tom\u00f3 cuando asumi\u00f3 el cargo y remarc\u00f3 que \u00abestamos en el camino correcto\u00bb.<\/p>\n\n\n\n<p>As\u00ed lo afirm\u00f3 al encabezar el acto del gabinete federal del programa Capitales Alternas que se realiz\u00f3 hoy en General Pico, en la provincia de La Pampa, acompa\u00f1ado por el jefe de Gabinete, Juan Manzur; los ministros del Interior, Eduardo De Pedro; y de Obras P\u00fablicas, Gabriel Katopodis y el gobernador de La Pampa, Sergio Ziliotto.<\/p>\n\n\n\n<p>\u00abYo no soy due\u00f1o del Gobierno; nadie es due\u00f1o del Gobierno. Nosotros representamos al pueblo, y es el pueblo el que quiere que trabajemos juntos y cumplamos con la palabra empe\u00f1ada\u00bb, sostuvo el jefe de Estado en su discurso.<\/p>\n\n\n\n<p>Esta declaraci\u00f3n del Presidente lleg\u00f3 despu\u00e9s de que el ministro de la Comunidad bonaerense, Andr\u00e9s Larroque, tuviera un pronunciamiento cr\u00edtico sobre la marcha de algunos aspectos de la gesti\u00f3n durante una entrevista radial en la que fue consultado acerca de si su corriente pol\u00edtica podr\u00eda dejar cargos en la administraci\u00f3n.<\/p>\n\n\n\n<p>\u201cSi el Gobierno es nuestro. Nosotros constituimos esta fuerza pol\u00edtica, lo convocamos a Alberto y ganamos las elecciones. La intenci\u00f3n de voto mayoritaria es a Cristina\u00bb, respondi\u00f3 Larroque.<\/p>\n\n\n\n<p>\u00abTengo la certeza de que trabaj\u00e9 cada d\u00eda de Presidente cumpliendo con los compromisos que me d\u00ed para con la gente; restan muchos, pero otros muchos los hemos cumplido\u00bb, sostuvo a su turno Alberto Fern\u00e1ndez desde La Pampa.<\/p>\n\n\n\n<p>En otro tramo del discurso, el jefe de estado se manifest\u00f3 orgulloso de ser peronista: \u00abSi se quieren quejar de mi peronismo, qu\u00e9jense, pero estoy orgullo de ser peronista. Donde hay una necesidad hay un derecho, eso me lo ense\u00f1\u00f3 Evita y estoy convencido de que es as\u00ed\u00bb, expres\u00f3.<\/p>\n\n\n\n<p>Asimismo, el Presidente ratific\u00f3 que \u00abestamos en el camino correcto\u00bb y afirm\u00f3 que \u00abla econom\u00eda crece y el empleo crece\u00bb.<\/p>\n\n\n\n<p>\u00abEl trabajo ahora es distribuir ese crecimiento. Todos los ministros tienen que trabajar para que el bolsillo de los argentinos se llene de plata, para que distribuyamos mejor los recursos que generamos. Vamos a poder hacerlo. Este no es mi gobierno, es el gobierno de ustedes y ustedes me van ayudar a hacerlo\u00bb, reiter\u00f3.<\/p>\n\n\n\n<p>En su mensaje, Fern\u00e1ndez afirm\u00f3 tambi\u00e9n que \u00abla mejor forma es lograr el desarrollo argentino, que no es lo mismo que hacer crecer la Argentina\u00bb y consider\u00f3 que \u00absi el crecimiento no alcanza a todos, no es desarrollo\u00bb y a\u00f1adi\u00f3: \u00abEl crecimiento a veces es injusto. No estamos logrando todav\u00eda que ese desarrollo sea por igual en todos los rincones de la patria\u00bb.<\/p>\n\n\n\n<p>Durante la reuni\u00f3n del Gabinete Federal, que se realiz\u00f3 en el Club Cultural Argentino de General Pico, se anunciaron una serie de obras y se firmaron convenios que implican una inversi\u00f3n de m\u00e1s de 21 mil millones de pesos por parte del Gobierno nacional.<\/p>\n\n\n\n<p>Antes de encabezar la reuni\u00f3n de Gabinete Federal, el Presidente recorri\u00f3 este mediod\u00eda las instalaciones de la f\u00e1brica de silobolsas de la Asociaci\u00f3n de Cooperativas Argentinas (ACA), ubicada en la Zona Franca, y luego encabez\u00f3 la inauguraci\u00f3n del Centro de Transferencia Sur, un espacio para acopio transitorio de residuos s\u00f3lidos que permitir\u00e1 descomprimir el flujo de desechos en m\u00e1s de 11.000 toneladas anuales y beneficiar\u00e1 a m\u00e1s de 30 mil vecinos y vecinas.<\/p>\n\n\n\n<p>Acompa\u00f1ado por el gobernador Ziliotto, y la intendenta local, Fernanda Alonso, el mandatario visit\u00f3 junto a su comitiva la f\u00e1brica \u201cAca Pentasilo\u201d, donde la Asociaci\u00f3n de Cooperativas Argentinas produce y comercializa entre 50 y 55 mil silobolsas y films de polietileno para el agro y la industria al a\u00f1o, lo que representa una transformaci\u00f3n de m\u00e1s de 6.000 toneladas de polietileno, se inform\u00f3 oficialmente. <\/p>\n","protected":false},"excerpt":{"rendered":"<p>El presidente Alberto Fern\u00e1ndez subray\u00f3 hoy que \u00abnadie es due\u00f1o del gobierno; el gobierno es del pueblo\u00bb, ratific\u00f3 su objetivo de trabajar \u00abcumpliendo con los compromisos\u00bb que tom\u00f3 cuando asumi\u00f3 el cargo y remarc\u00f3 que \u00abestamos en el camino correcto\u00bb. As\u00ed lo afirm\u00f3 al encabezar el acto del gabinete federal del programa Capitales Alternas que [&hellip;]<\/p>\n","protected":false},"author":1,"featured_media":2639,"comment_status":"open","ping_status":"open","sticky":false,"template":"","format":"standard","meta":{"footnotes":""},"categories":[12],"tags":[],"class_list":["post-2637","post","type-post","status-publish","format-standard","has-post-thumbnail","hentry","category-noticias"],"yoast_head":"<!-- This site is optimized with the Yoast SEO plugin v27.4 - https:\/\/yoast.com\/product\/yoast-seo-wordpress\/ -->\n<title>ALBERTO FERN\u00c1NDEZ: &quot;NADIE ES DUE\u00d1O DEL GOBIERNO, EL GOBIERNO ES DEL PUEBLO&quot; - Juntos por Quilmes<\/title>\n<meta name=\"robots\" content=\"index, follow, max-snippet:-1, max-image-preview:large, max-video-preview:-1\" \/>\n<link rel=\"canonical\" href=\"https:\/\/juntosporquilmes.com.ar\/inicio\/2022\/05\/alberto-fernandez-nadie-es-dueno-del-gobierno-el-gobierno-es-del-pueblo\/\" \/>\n<meta property=\"og:locale\" content=\"es_ES\" \/>\n<meta property=\"og:type\" content=\"article\" \/>\n<meta property=\"og:title\" content=\"ALBERTO FERN\u00c1NDEZ: &quot;NADIE ES DUE\u00d1O DEL GOBIERNO, EL GOBIERNO ES DEL PUEBLO&quot; - Juntos por Quilmes\" \/>\n<meta property=\"og:description\" content=\"El presidente Alberto Fern\u00e1ndez subray\u00f3 hoy que \u00abnadie es due\u00f1o del gobierno; el gobierno es del pueblo\u00bb, ratific\u00f3 su objetivo de trabajar \u00abcumpliendo con los compromisos\u00bb que tom\u00f3 cuando asumi\u00f3 el cargo y remarc\u00f3 que \u00abestamos en el camino correcto\u00bb. As\u00ed lo afirm\u00f3 al encabezar el acto del gabinete federal del programa Capitales Alternas que [&hellip;]\" \/>\n<meta property=\"og:url\" content=\"https:\/\/juntosporquilmes.com.ar\/inicio\/2022\/05\/alberto-fernandez-nadie-es-dueno-del-gobierno-el-gobierno-es-del-pueblo\/\" \/>\n<meta property=\"og:site_name\" content=\"Juntos por Quilmes\" \/>\n<meta property=\"article:publisher\" content=\"https:\/\/www.facebook.com\/juntosxquilmes\/\" \/>\n<meta property=\"article:published_time\" content=\"2022-05-03T21:55:03+00:00\" \/>\n<meta property=\"article:modified_time\" content=\"2022-05-03T22:19:24+00:00\" \/>\n<meta property=\"og:image\" content=\"https:\/\/juntosporquilmes.com.ar\/inicio\/wp-content\/uploads\/2022\/05\/alberto-general-pico222.jpg\" \/>\n\t<meta property=\"og:image:width\" content=\"1512\" \/>\n\t<meta property=\"og:image:height\" content=\"851\" \/>\n\t<meta property=\"og:image:type\" content=\"image\/jpeg\" \/>\n<meta name=\"author\" content=\"admin-vdb\" \/>\n<meta name=\"twitter:card\" content=\"summary_large_image\" \/>\n<meta name=\"twitter:creator\" content=\"@JUNTOSXQUILMES\" \/>\n<meta name=\"twitter:site\" content=\"@JUNTOSXQUILMES\" \/>\n<script type=\"application\/ld+json\" class=\"yoast-schema-graph\">{\"@context\":\"https:\\\/\\\/schema.org\",\"@graph\":[{\"@type\":\"Article\",\"@id\":\"https:\\\/\\\/juntosporquilmes.com.ar\\\/inicio\\\/2022\\\/05\\\/alberto-fernandez-nadie-es-dueno-del-gobierno-el-gobierno-es-del-pueblo\\\/#article\",\"isPartOf\":{\"@id\":\"https:\\\/\\\/juntosporquilmes.com.ar\\\/inicio\\\/2022\\\/05\\\/alberto-fernandez-nadie-es-dueno-del-gobierno-el-gobierno-es-del-pueblo\\\/\"},\"author\":{\"name\":\"admin-vdb\",\"@id\":\"https:\\\/\\\/juntosporquilmes.com.ar\\\/inicio\\\/#\\\/schema\\\/person\\\/92cffe5404a5f269643a19736afcca11\"},\"headline\":\"ALBERTO FERN\u00c1NDEZ: \u00abNADIE ES DUE\u00d1O DEL GOBIERNO, EL GOBIERNO ES DEL PUEBLO\u00bb\",\"datePublished\":\"2022-05-03T21:55:03+00:00\",\"dateModified\":\"2022-05-03T22:19:24+00:00\",\"mainEntityOfPage\":{\"@id\":\"https:\\\/\\\/juntosporquilmes.com.ar\\\/inicio\\\/2022\\\/05\\\/alberto-fernandez-nadie-es-dueno-del-gobierno-el-gobierno-es-del-pueblo\\\/\"},\"wordCount\":668,\"commentCount\":0,\"publisher\":{\"@id\":\"https:\\\/\\\/juntosporquilmes.com.ar\\\/inicio\\\/#organization\"},\"image\":{\"@id\":\"https:\\\/\\\/juntosporquilmes.com.ar\\\/inicio\\\/2022\\\/05\\\/alberto-fernandez-nadie-es-dueno-del-gobierno-el-gobierno-es-del-pueblo\\\/#primaryimage\"},\"thumbnailUrl\":\"https:\\\/\\\/juntosporquilmes.com.ar\\\/inicio\\\/wp-content\\\/uploads\\\/2022\\\/05\\\/alberto-general-pico222.jpg\",\"articleSection\":[\"NOTICIAS\"],\"inLanguage\":\"es\",\"potentialAction\":[{\"@type\":\"CommentAction\",\"name\":\"Comment\",\"target\":[\"https:\\\/\\\/juntosporquilmes.com.ar\\\/inicio\\\/2022\\\/05\\\/alberto-fernandez-nadie-es-dueno-del-gobierno-el-gobierno-es-del-pueblo\\\/#respond\"]}]},{\"@type\":\"WebPage\",\"@id\":\"https:\\\/\\\/juntosporquilmes.com.ar\\\/inicio\\\/2022\\\/05\\\/alberto-fernandez-nadie-es-dueno-del-gobierno-el-gobierno-es-del-pueblo\\\/\",\"url\":\"https:\\\/\\\/juntosporquilmes.com.ar\\\/inicio\\\/2022\\\/05\\\/alberto-fernandez-nadie-es-dueno-del-gobierno-el-gobierno-es-del-pueblo\\\/\",\"name\":\"ALBERTO FERN\u00c1NDEZ: \\\"NADIE ES DUE\u00d1O DEL GOBIERNO, EL GOBIERNO ES DEL PUEBLO\\\" - Juntos por Quilmes\",\"isPartOf\":{\"@id\":\"https:\\\/\\\/juntosporquilmes.com.ar\\\/inicio\\\/#website\"},\"primaryImageOfPage\":{\"@id\":\"https:\\\/\\\/juntosporquilmes.com.ar\\\/inicio\\\/2022\\\/05\\\/alberto-fernandez-nadie-es-dueno-del-gobierno-el-gobierno-es-del-pueblo\\\/#primaryimage\"},\"image\":{\"@id\":\"https:\\\/\\\/juntosporquilmes.com.ar\\\/inicio\\\/2022\\\/05\\\/alberto-fernandez-nadie-es-dueno-del-gobierno-el-gobierno-es-del-pueblo\\\/#primaryimage\"},\"thumbnailUrl\":\"https:\\\/\\\/juntosporquilmes.com.ar\\\/inicio\\\/wp-content\\\/uploads\\\/2022\\\/05\\\/alberto-general-pico222.jpg\",\"datePublished\":\"2022-05-03T21:55:03+00:00\",\"dateModified\":\"2022-05-03T22:19:24+00:00\",\"breadcrumb\":{\"@id\":\"https:\\\/\\\/juntosporquilmes.com.ar\\\/inicio\\\/2022\\\/05\\\/alberto-fernandez-nadie-es-dueno-del-gobierno-el-gobierno-es-del-pueblo\\\/#breadcrumb\"},\"inLanguage\":\"es\",\"potentialAction\":[{\"@type\":\"ReadAction\",\"target\":[\"https:\\\/\\\/juntosporquilmes.com.ar\\\/inicio\\\/2022\\\/05\\\/alberto-fernandez-nadie-es-dueno-del-gobierno-el-gobierno-es-del-pueblo\\\/\"]}]},{\"@type\":\"ImageObject\",\"inLanguage\":\"es\",\"@id\":\"https:\\\/\\\/juntosporquilmes.com.ar\\\/inicio\\\/2022\\\/05\\\/alberto-fernandez-nadie-es-dueno-del-gobierno-el-gobierno-es-del-pueblo\\\/#primaryimage\",\"url\":\"https:\\\/\\\/juntosporquilmes.com.ar\\\/inicio\\\/wp-content\\\/uploads\\\/2022\\\/05\\\/alberto-general-pico222.jpg\",\"contentUrl\":\"https:\\\/\\\/juntosporquilmes.com.ar\\\/inicio\\\/wp-content\\\/uploads\\\/2022\\\/05\\\/alberto-general-pico222.jpg\",\"width\":1512,\"height\":851},{\"@type\":\"BreadcrumbList\",\"@id\":\"https:\\\/\\\/juntosporquilmes.com.ar\\\/inicio\\\/2022\\\/05\\\/alberto-fernandez-nadie-es-dueno-del-gobierno-el-gobierno-es-del-pueblo\\\/#breadcrumb\",\"itemListElement\":[{\"@type\":\"ListItem\",\"position\":1,\"name\":\"Portada\",\"item\":\"https:\\\/\\\/juntosporquilmes.com.ar\\\/inicio\\\/\"},{\"@type\":\"ListItem\",\"position\":2,\"name\":\"ALBERTO FERN\u00c1NDEZ: &#8220;NADIE ES DUE\u00d1O DEL GOBIERNO, EL GOBIERNO ES DEL PUEBLO&#8221;\"}]},{\"@type\":\"WebSite\",\"@id\":\"https:\\\/\\\/juntosporquilmes.com.ar\\\/inicio\\\/#website\",\"url\":\"https:\\\/\\\/juntosporquilmes.com.ar\\\/inicio\\\/\",\"name\":\"Juntos por Quilmes\",\"description\":\"Corriente Peronista Juntos por Quilmes\",\"publisher\":{\"@id\":\"https:\\\/\\\/juntosporquilmes.com.ar\\\/inicio\\\/#organization\"},\"potentialAction\":[{\"@type\":\"SearchAction\",\"target\":{\"@type\":\"EntryPoint\",\"urlTemplate\":\"https:\\\/\\\/juntosporquilmes.com.ar\\\/inicio\\\/?s={search_term_string}\"},\"query-input\":{\"@type\":\"PropertyValueSpecification\",\"valueRequired\":true,\"valueName\":\"search_term_string\"}}],\"inLanguage\":\"es\"},{\"@type\":\"Organization\",\"@id\":\"https:\\\/\\\/juntosporquilmes.com.ar\\\/inicio\\\/#organization\",\"name\":\"Corriente Peronista Juntos por Quilmes\",\"url\":\"https:\\\/\\\/juntosporquilmes.com.ar\\\/inicio\\\/\",\"logo\":{\"@type\":\"ImageObject\",\"inLanguage\":\"es\",\"@id\":\"https:\\\/\\\/juntosporquilmes.com.ar\\\/inicio\\\/#\\\/schema\\\/logo\\\/image\\\/\",\"url\":\"https:\\\/\\\/juntosporquilmes.com.ar\\\/inicio\\\/wp-content\\\/uploads\\\/2023\\\/06\\\/logo-jpq-2023-b.png\",\"contentUrl\":\"https:\\\/\\\/juntosporquilmes.com.ar\\\/inicio\\\/wp-content\\\/uploads\\\/2023\\\/06\\\/logo-jpq-2023-b.png\",\"width\":2332,\"height\":645,\"caption\":\"Corriente Peronista Juntos por Quilmes\"},\"image\":{\"@id\":\"https:\\\/\\\/juntosporquilmes.com.ar\\\/inicio\\\/#\\\/schema\\\/logo\\\/image\\\/\"},\"sameAs\":[\"https:\\\/\\\/www.facebook.com\\\/juntosxquilmes\\\/\",\"https:\\\/\\\/x.com\\\/JUNTOSXQUILMES\",\"https:\\\/\\\/www.instagram.com\\\/juntos_por_quilmes\\\/\"]},{\"@type\":\"Person\",\"@id\":\"https:\\\/\\\/juntosporquilmes.com.ar\\\/inicio\\\/#\\\/schema\\\/person\\\/92cffe5404a5f269643a19736afcca11\",\"name\":\"admin-vdb\",\"image\":{\"@type\":\"ImageObject\",\"inLanguage\":\"es\",\"@id\":\"https:\\\/\\\/secure.gravatar.com\\\/avatar\\\/a3bc68f4d20ac4e6b7246c64d9145e8058210e47d2e69a742e867048c31c224f?s=96&d=mm&r=g\",\"url\":\"https:\\\/\\\/secure.gravatar.com\\\/avatar\\\/a3bc68f4d20ac4e6b7246c64d9145e8058210e47d2e69a742e867048c31c224f?s=96&d=mm&r=g\",\"contentUrl\":\"https:\\\/\\\/secure.gravatar.com\\\/avatar\\\/a3bc68f4d20ac4e6b7246c64d9145e8058210e47d2e69a742e867048c31c224f?s=96&d=mm&r=g\",\"caption\":\"admin-vdb\"},\"sameAs\":[\"https:\\\/\\\/juntosporquilmes.com.ar\\\/inicio\"],\"url\":\"https:\\\/\\\/juntosporquilmes.com.ar\\\/inicio\\\/author\\\/admin-vdb\\\/\"}]}<\/script>\n<!-- \/ Yoast SEO plugin. -->","yoast_head_json":{"title":"ALBERTO FERN\u00c1NDEZ: \"NADIE ES DUE\u00d1O DEL GOBIERNO, EL GOBIERNO ES DEL PUEBLO\" - Juntos por Quilmes","robots":{"index":"index","follow":"follow","max-snippet":"max-snippet:-1","max-image-preview":"max-image-preview:large","max-video-preview":"max-video-preview:-1"},"canonical":"https:\/\/juntosporquilmes.com.ar\/inicio\/2022\/05\/alberto-fernandez-nadie-es-dueno-del-gobierno-el-gobierno-es-del-pueblo\/","og_locale":"es_ES","og_type":"article","og_title":"ALBERTO FERN\u00c1NDEZ: \"NADIE ES DUE\u00d1O DEL GOBIERNO, EL GOBIERNO ES DEL PUEBLO\" - Juntos por Quilmes","og_description":"El presidente Alberto Fern\u00e1ndez subray\u00f3 hoy que \u00abnadie es due\u00f1o del gobierno; el gobierno es del pueblo\u00bb, ratific\u00f3 su objetivo de trabajar \u00abcumpliendo con los compromisos\u00bb que tom\u00f3 cuando asumi\u00f3 el cargo y remarc\u00f3 que \u00abestamos en el camino correcto\u00bb. As\u00ed lo afirm\u00f3 al encabezar el acto del gabinete federal del programa Capitales Alternas que [&hellip;]","og_url":"https:\/\/juntosporquilmes.com.ar\/inicio\/2022\/05\/alberto-fernandez-nadie-es-dueno-del-gobierno-el-gobierno-es-del-pueblo\/","og_site_name":"Juntos por Quilmes","article_publisher":"https:\/\/www.facebook.com\/juntosxquilmes\/","article_published_time":"2022-05-03T21:55:03+00:00","article_modified_time":"2022-05-03T22:19:24+00:00","og_image":[{"width":1512,"height":851,"url":"https:\/\/juntosporquilmes.com.ar\/inicio\/wp-content\/uploads\/2022\/05\/alberto-general-pico222.jpg","type":"image\/jpeg"}],"author":"admin-vdb","twitter_card":"summary_large_image","twitter_creator":"@JUNTOSXQUILMES","twitter_site":"@JUNTOSXQUILMES","schema":{"@context":"https:\/\/schema.org","@graph":[{"@type":"Article","@id":"https:\/\/juntosporquilmes.com.ar\/inicio\/2022\/05\/alberto-fernandez-nadie-es-dueno-del-gobierno-el-gobierno-es-del-pueblo\/#article","isPartOf":{"@id":"https:\/\/juntosporquilmes.com.ar\/inicio\/2022\/05\/alberto-fernandez-nadie-es-dueno-del-gobierno-el-gobierno-es-del-pueblo\/"},"author":{"name":"admin-vdb","@id":"https:\/\/juntosporquilmes.com.ar\/inicio\/#\/schema\/person\/92cffe5404a5f269643a19736afcca11"},"headline":"ALBERTO FERN\u00c1NDEZ: \u00abNADIE ES DUE\u00d1O DEL GOBIERNO, EL GOBIERNO ES DEL PUEBLO\u00bb","datePublished":"2022-05-03T21:55:03+00:00","dateModified":"2022-05-03T22:19:24+00:00","mainEntityOfPage":{"@id":"https:\/\/juntosporquilmes.com.ar\/inicio\/2022\/05\/alberto-fernandez-nadie-es-dueno-del-gobierno-el-gobierno-es-del-pueblo\/"},"wordCount":668,"commentCount":0,"publisher":{"@id":"https:\/\/juntosporquilmes.com.ar\/inicio\/#organization"},"image":{"@id":"https:\/\/juntosporquilmes.com.ar\/inicio\/2022\/05\/alberto-fernandez-nadie-es-dueno-del-gobierno-el-gobierno-es-del-pueblo\/#primaryimage"},"thumbnailUrl":"https:\/\/juntosporquilmes.com.ar\/inicio\/wp-content\/uploads\/2022\/05\/alberto-general-pico222.jpg","articleSection":["NOTICIAS"],"inLanguage":"es","potentialAction":[{"@type":"CommentAction","name":"Comment","target":["https:\/\/juntosporquilmes.com.ar\/inicio\/2022\/05\/alberto-fernandez-nadie-es-dueno-del-gobierno-el-gobierno-es-del-pueblo\/#respond"]}]},{"@type":"WebPage","@id":"https:\/\/juntosporquilmes.com.ar\/inicio\/2022\/05\/alberto-fernandez-nadie-es-dueno-del-gobierno-el-gobierno-es-del-pueblo\/","url":"https:\/\/juntosporquilmes.com.ar\/inicio\/2022\/05\/alberto-fernandez-nadie-es-dueno-del-gobierno-el-gobierno-es-del-pueblo\/","name":"ALBERTO FERN\u00c1NDEZ: \"NADIE ES DUE\u00d1O DEL GOBIERNO, EL GOBIERNO ES DEL PUEBLO\" - Juntos por Quilmes","isPartOf":{"@id":"https:\/\/juntosporquilmes.com.ar\/inicio\/#website"},"primaryImageOfPage":{"@id":"https:\/\/juntosporquilmes.com.ar\/inicio\/2022\/05\/alberto-fernandez-nadie-es-dueno-del-gobierno-el-gobierno-es-del-pueblo\/#primaryimage"},"image":{"@id":"https:\/\/juntosporquilmes.com.ar\/inicio\/2022\/05\/alberto-fernandez-nadie-es-dueno-del-gobierno-el-gobierno-es-del-pueblo\/#primaryimage"},"thumbnailUrl":"https:\/\/juntosporquilmes.com.ar\/inicio\/wp-content\/uploads\/2022\/05\/alberto-general-pico222.jpg","datePublished":"2022-05-03T21:55:03+00:00","dateModified":"2022-05-03T22:19:24+00:00","breadcrumb":{"@id":"https:\/\/juntosporquilmes.com.ar\/inicio\/2022\/05\/alberto-fernandez-nadie-es-dueno-del-gobierno-el-gobierno-es-del-pueblo\/#breadcrumb"},"inLanguage":"es","potentialAction":[{"@type":"ReadAction","target":["https:\/\/juntosporquilmes.com.ar\/inicio\/2022\/05\/alberto-fernandez-nadie-es-dueno-del-gobierno-el-gobierno-es-del-pueblo\/"]}]},{"@type":"ImageObject","inLanguage":"es","@id":"https:\/\/juntosporquilmes.com.ar\/inicio\/2022\/05\/alberto-fernandez-nadie-es-dueno-del-gobierno-el-gobierno-es-del-pueblo\/#primaryimage","url":"https:\/\/juntosporquilmes.com.ar\/inicio\/wp-content\/uploads\/2022\/05\/alberto-general-pico222.jpg","contentUrl":"https:\/\/juntosporquilmes.com.ar\/inicio\/wp-content\/uploads\/2022\/05\/alberto-general-pico222.jpg","width":1512,"height":851},{"@type":"BreadcrumbList","@id":"https:\/\/juntosporquilmes.com.ar\/inicio\/2022\/05\/alberto-fernandez-nadie-es-dueno-del-gobierno-el-gobierno-es-del-pueblo\/#breadcrumb","itemListElement":[{"@type":"ListItem","position":1,"name":"Portada","item":"https:\/\/juntosporquilmes.com.ar\/inicio\/"},{"@type":"ListItem","position":2,"name":"ALBERTO FERN\u00c1NDEZ: &#8220;NADIE ES DUE\u00d1O DEL GOBIERNO, EL GOBIERNO ES DEL PUEBLO&#8221;"}]},{"@type":"WebSite","@id":"https:\/\/juntosporquilmes.com.ar\/inicio\/#website","url":"https:\/\/juntosporquilmes.com.ar\/inicio\/","name":"Juntos por Quilmes","description":"Corriente Peronista Juntos por Quilmes","publisher":{"@id":"https:\/\/juntosporquilmes.com.ar\/inicio\/#organization"},"potentialAction":[{"@type":"SearchAction","target":{"@type":"EntryPoint","urlTemplate":"https:\/\/juntosporquilmes.com.ar\/inicio\/?s={search_term_string}"},"query-input":{"@type":"PropertyValueSpecification","valueRequired":true,"valueName":"search_term_string"}}],"inLanguage":"es"},{"@type":"Organization","@id":"https:\/\/juntosporquilmes.com.ar\/inicio\/#organization","name":"Corriente Peronista Juntos por Quilmes","url":"https:\/\/juntosporquilmes.com.ar\/inicio\/","logo":{"@type":"ImageObject","inLanguage":"es","@id":"https:\/\/juntosporquilmes.com.ar\/inicio\/#\/schema\/logo\/image\/","url":"https:\/\/juntosporquilmes.com.ar\/inicio\/wp-content\/uploads\/2023\/06\/logo-jpq-2023-b.png","contentUrl":"https:\/\/juntosporquilmes.com.ar\/inicio\/wp-content\/uploads\/2023\/06\/logo-jpq-2023-b.png","width":2332,"height":645,"caption":"Corriente Peronista Juntos por Quilmes"},"image":{"@id":"https:\/\/juntosporquilmes.com.ar\/inicio\/#\/schema\/logo\/image\/"},"sameAs":["https:\/\/www.facebook.com\/juntosxquilmes\/","https:\/\/x.com\/JUNTOSXQUILMES","https:\/\/www.instagram.com\/juntos_por_quilmes\/"]},{"@type":"Person","@id":"https:\/\/juntosporquilmes.com.ar\/inicio\/#\/schema\/person\/92cffe5404a5f269643a19736afcca11","name":"admin-vdb","image":{"@type":"ImageObject","inLanguage":"es","@id":"https:\/\/secure.gravatar.com\/avatar\/a3bc68f4d20ac4e6b7246c64d9145e8058210e47d2e69a742e867048c31c224f?s=96&d=mm&r=g","url":"https:\/\/secure.gravatar.com\/avatar\/a3bc68f4d20ac4e6b7246c64d9145e8058210e47d2e69a742e867048c31c224f?s=96&d=mm&r=g","contentUrl":"https:\/\/secure.gravatar.com\/avatar\/a3bc68f4d20ac4e6b7246c64d9145e8058210e47d2e69a742e867048c31c224f?s=96&d=mm&r=g","caption":"admin-vdb"},"sameAs":["https:\/\/juntosporquilmes.com.ar\/inicio"],"url":"https:\/\/juntosporquilmes.com.ar\/inicio\/author\/admin-vdb\/"}]}},"_links":{"self":[{"href":"https:\/\/juntosporquilmes.com.ar\/inicio\/wp-json\/wp\/v2\/posts\/2637","targetHints":{"allow":["GET"]}}],"collection":[{"href":"https:\/\/juntosporquilmes.com.ar\/inicio\/wp-json\/wp\/v2\/posts"}],"about":[{"href":"https:\/\/juntosporquilmes.com.ar\/inicio\/wp-json\/wp\/v2\/types\/post"}],"author":[{"embeddable":true,"href":"https:\/\/juntosporquilmes.com.ar\/inicio\/wp-json\/wp\/v2\/users\/1"}],"replies":[{"embeddable":true,"href":"https:\/\/juntosporquilmes.com.ar\/inicio\/wp-json\/wp\/v2\/comments?post=2637"}],"version-history":[{"count":2,"href":"https:\/\/juntosporquilmes.com.ar\/inicio\/wp-json\/wp\/v2\/posts\/2637\/revisions"}],"predecessor-version":[{"id":2641,"href":"https:\/\/juntosporquilmes.com.ar\/inicio\/wp-json\/wp\/v2\/posts\/2637\/revisions\/2641"}],"wp:featuredmedia":[{"embeddable":true,"href":"https:\/\/juntosporquilmes.com.ar\/inicio\/wp-json\/wp\/v2\/media\/2639"}],"wp:attachment":[{"href":"https:\/\/juntosporquilmes.com.ar\/inicio\/wp-json\/wp\/v2\/media?parent=2637"}],"wp:term":[{"taxonomy":"category","embeddable":true,"href":"https:\/\/juntosporquilmes.com.ar\/inicio\/wp-json\/wp\/v2\/categories?post=2637"},{"taxonomy":"post_tag","embeddable":true,"href":"https:\/\/juntosporquilmes.com.ar\/inicio\/wp-json\/wp\/v2\/tags?post=2637"}],"curies":[{"name":"wp","href":"https:\/\/api.w.org\/{rel}","templated":true}]}}