{"id":2488,"date":"2022-03-28T21:15:00","date_gmt":"2022-03-28T21:15:00","guid":{"rendered":"https:\/\/juntosporquilmes.com.ar\/inicio\/?p=2488"},"modified":"2022-03-28T21:38:03","modified_gmt":"2022-03-28T21:38:03","slug":"juntos-por-quilmes-en-la-inauguracion-del-centro-isabel-pallamay","status":"publish","type":"post","link":"https:\/\/juntosporquilmes.com.ar\/inicio\/2022\/03\/juntos-por-quilmes-en-la-inauguracion-del-centro-isabel-pallamay\/","title":{"rendered":"JUNTOS POR QUILMES EN LA INAUGURACI\u00d3N DEL CENTRO ISABEL PALLAMAY"},"content":{"rendered":"\n<p class=\"has-medium-font-size\">Integrantes de Juntos por Quilmes participaron este lunes de la inauguraci\u00f3n del nuevo Centro Territorial de Pol\u00edticas de G\u00e9nero \u201cIsabel Pallamay\u201d, cuyo acto estuvo encabezado por la intendenta Mayra Mendoza. <strong><em><a href=\"https:\/\/juntosporquilmes.com.ar\/inicio\/2022\/03\/mayra-junto-a-gomez-alcorta-y-katopodis-inauguro-el-nuevo-centro-territorial-de-politicas-de-genero-isabel-pallamay\/\" target=\"_blank\" rel=\"noreferrer noopener\">(Ver nota completa)<\/a><\/em><\/strong><\/p>\n\n\n\n<p class=\"has-medium-font-size\">Adem\u00e1s estuvieron presente la ministra de las Mujeres, G\u00e9neros y Diversidad de la Naci\u00f3n, Elizabeth G\u00f3mez Alcorta, y su par de Obras P\u00fablicas, Gabriel Katopodis, como as\u00ed tambi\u00e9n la ministra de Mujeres, Pol\u00edticas de G\u00e9nero y Diversidad Sexual bonaerense, Estela D\u00edaz, entre otras autoridades.<\/p>\n","protected":false},"excerpt":{"rendered":"<p>Integrantes de Juntos por Quilmes participaron este lunes de la inauguraci\u00f3n del nuevo Centro Territorial de Pol\u00edticas de G\u00e9nero \u201cIsabel Pallamay\u201d, cuyo acto estuvo encabezado por la intendenta Mayra Mendoza. (Ver nota completa) Adem\u00e1s estuvieron presente la ministra de las Mujeres, G\u00e9neros y Diversidad de la Naci\u00f3n, Elizabeth G\u00f3mez Alcorta, y su par de Obras [&hellip;]<\/p>\n","protected":false},"author":1,"featured_media":2492,"comment_status":"open","ping_status":"open","sticky":false,"template":"","format":"standard","meta":{"footnotes":""},"categories":[10],"tags":[],"class_list":["post-2488","post","type-post","status-publish","format-standard","has-post-thumbnail","hentry","category-militancia"],"yoast_head":"<!-- This site is optimized with the Yoast SEO plugin v27.4 - https:\/\/yoast.com\/product\/yoast-seo-wordpress\/ -->\n<title>JUNTOS POR QUILMES EN LA INAUGURACI\u00d3N DEL CENTRO ISABEL PALLAMAY - Juntos por Quilmes<\/title>\n<meta name=\"robots\" content=\"index, follow, max-snippet:-1, max-image-preview:large, max-video-preview:-1\" \/>\n<link rel=\"canonical\" href=\"https:\/\/juntosporquilmes.com.ar\/inicio\/2022\/03\/juntos-por-quilmes-en-la-inauguracion-del-centro-isabel-pallamay\/\" \/>\n<meta property=\"og:locale\" content=\"es_ES\" \/>\n<meta property=\"og:type\" content=\"article\" \/>\n<meta property=\"og:title\" content=\"JUNTOS POR QUILMES EN LA INAUGURACI\u00d3N DEL CENTRO ISABEL PALLAMAY - Juntos por Quilmes\" \/>\n<meta property=\"og:description\" content=\"Integrantes de Juntos por Quilmes participaron este lunes de la inauguraci\u00f3n del nuevo Centro Territorial de Pol\u00edticas de G\u00e9nero \u201cIsabel Pallamay\u201d, cuyo acto estuvo encabezado por la intendenta Mayra Mendoza. (Ver nota completa) Adem\u00e1s estuvieron presente la ministra de las Mujeres, G\u00e9neros y Diversidad de la Naci\u00f3n, Elizabeth G\u00f3mez Alcorta, y su par de Obras [&hellip;]\" \/>\n<meta property=\"og:url\" content=\"https:\/\/juntosporquilmes.com.ar\/inicio\/2022\/03\/juntos-por-quilmes-en-la-inauguracion-del-centro-isabel-pallamay\/\" \/>\n<meta property=\"og:site_name\" content=\"Juntos por Quilmes\" \/>\n<meta property=\"article:publisher\" content=\"https:\/\/www.facebook.com\/juntosxquilmes\/\" \/>\n<meta property=\"article:published_time\" content=\"2022-03-28T21:15:00+00:00\" \/>\n<meta property=\"article:modified_time\" content=\"2022-03-28T21:38:03+00:00\" \/>\n<meta property=\"og:image\" content=\"https:\/\/juntosporquilmes.com.ar\/inicio\/wp-content\/uploads\/2022\/03\/MARCE3.jpg\" \/>\n\t<meta property=\"og:image:width\" content=\"1564\" \/>\n\t<meta property=\"og:image:height\" content=\"1080\" \/>\n\t<meta property=\"og:image:type\" content=\"image\/jpeg\" \/>\n<meta name=\"author\" content=\"admin-vdb\" \/>\n<meta name=\"twitter:card\" content=\"summary_large_image\" \/>\n<meta name=\"twitter:creator\" content=\"@JUNTOSXQUILMES\" \/>\n<meta name=\"twitter:site\" content=\"@JUNTOSXQUILMES\" \/>\n<script type=\"application\/ld+json\" class=\"yoast-schema-graph\">{\"@context\":\"https:\\\/\\\/schema.org\",\"@graph\":[{\"@type\":\"Article\",\"@id\":\"https:\\\/\\\/juntosporquilmes.com.ar\\\/inicio\\\/2022\\\/03\\\/juntos-por-quilmes-en-la-inauguracion-del-centro-isabel-pallamay\\\/#article\",\"isPartOf\":{\"@id\":\"https:\\\/\\\/juntosporquilmes.com.ar\\\/inicio\\\/2022\\\/03\\\/juntos-por-quilmes-en-la-inauguracion-del-centro-isabel-pallamay\\\/\"},\"author\":{\"name\":\"admin-vdb\",\"@id\":\"https:\\\/\\\/juntosporquilmes.com.ar\\\/inicio\\\/#\\\/schema\\\/person\\\/92cffe5404a5f269643a19736afcca11\"},\"headline\":\"JUNTOS POR QUILMES EN LA INAUGURACI\u00d3N DEL CENTRO ISABEL PALLAMAY\",\"datePublished\":\"2022-03-28T21:15:00+00:00\",\"dateModified\":\"2022-03-28T21:38:03+00:00\",\"mainEntityOfPage\":{\"@id\":\"https:\\\/\\\/juntosporquilmes.com.ar\\\/inicio\\\/2022\\\/03\\\/juntos-por-quilmes-en-la-inauguracion-del-centro-isabel-pallamay\\\/\"},\"wordCount\":100,\"commentCount\":0,\"publisher\":{\"@id\":\"https:\\\/\\\/juntosporquilmes.com.ar\\\/inicio\\\/#organization\"},\"image\":{\"@id\":\"https:\\\/\\\/juntosporquilmes.com.ar\\\/inicio\\\/2022\\\/03\\\/juntos-por-quilmes-en-la-inauguracion-del-centro-isabel-pallamay\\\/#primaryimage\"},\"thumbnailUrl\":\"https:\\\/\\\/juntosporquilmes.com.ar\\\/inicio\\\/wp-content\\\/uploads\\\/2022\\\/03\\\/MARCE3.jpg\",\"articleSection\":[\"MILITANCIA\"],\"inLanguage\":\"es\",\"potentialAction\":[{\"@type\":\"CommentAction\",\"name\":\"Comment\",\"target\":[\"https:\\\/\\\/juntosporquilmes.com.ar\\\/inicio\\\/2022\\\/03\\\/juntos-por-quilmes-en-la-inauguracion-del-centro-isabel-pallamay\\\/#respond\"]}]},{\"@type\":\"WebPage\",\"@id\":\"https:\\\/\\\/juntosporquilmes.com.ar\\\/inicio\\\/2022\\\/03\\\/juntos-por-quilmes-en-la-inauguracion-del-centro-isabel-pallamay\\\/\",\"url\":\"https:\\\/\\\/juntosporquilmes.com.ar\\\/inicio\\\/2022\\\/03\\\/juntos-por-quilmes-en-la-inauguracion-del-centro-isabel-pallamay\\\/\",\"name\":\"JUNTOS POR QUILMES EN LA INAUGURACI\u00d3N DEL CENTRO ISABEL PALLAMAY - Juntos por Quilmes\",\"isPartOf\":{\"@id\":\"https:\\\/\\\/juntosporquilmes.com.ar\\\/inicio\\\/#website\"},\"primaryImageOfPage\":{\"@id\":\"https:\\\/\\\/juntosporquilmes.com.ar\\\/inicio\\\/2022\\\/03\\\/juntos-por-quilmes-en-la-inauguracion-del-centro-isabel-pallamay\\\/#primaryimage\"},\"image\":{\"@id\":\"https:\\\/\\\/juntosporquilmes.com.ar\\\/inicio\\\/2022\\\/03\\\/juntos-por-quilmes-en-la-inauguracion-del-centro-isabel-pallamay\\\/#primaryimage\"},\"thumbnailUrl\":\"https:\\\/\\\/juntosporquilmes.com.ar\\\/inicio\\\/wp-content\\\/uploads\\\/2022\\\/03\\\/MARCE3.jpg\",\"datePublished\":\"2022-03-28T21:15:00+00:00\",\"dateModified\":\"2022-03-28T21:38:03+00:00\",\"breadcrumb\":{\"@id\":\"https:\\\/\\\/juntosporquilmes.com.ar\\\/inicio\\\/2022\\\/03\\\/juntos-por-quilmes-en-la-inauguracion-del-centro-isabel-pallamay\\\/#breadcrumb\"},\"inLanguage\":\"es\",\"potentialAction\":[{\"@type\":\"ReadAction\",\"target\":[\"https:\\\/\\\/juntosporquilmes.com.ar\\\/inicio\\\/2022\\\/03\\\/juntos-por-quilmes-en-la-inauguracion-del-centro-isabel-pallamay\\\/\"]}]},{\"@type\":\"ImageObject\",\"inLanguage\":\"es\",\"@id\":\"https:\\\/\\\/juntosporquilmes.com.ar\\\/inicio\\\/2022\\\/03\\\/juntos-por-quilmes-en-la-inauguracion-del-centro-isabel-pallamay\\\/#primaryimage\",\"url\":\"https:\\\/\\\/juntosporquilmes.com.ar\\\/inicio\\\/wp-content\\\/uploads\\\/2022\\\/03\\\/MARCE3.jpg\",\"contentUrl\":\"https:\\\/\\\/juntosporquilmes.com.ar\\\/inicio\\\/wp-content\\\/uploads\\\/2022\\\/03\\\/MARCE3.jpg\",\"width\":1564,\"height\":1080},{\"@type\":\"BreadcrumbList\",\"@id\":\"https:\\\/\\\/juntosporquilmes.com.ar\\\/inicio\\\/2022\\\/03\\\/juntos-por-quilmes-en-la-inauguracion-del-centro-isabel-pallamay\\\/#breadcrumb\",\"itemListElement\":[{\"@type\":\"ListItem\",\"position\":1,\"name\":\"Portada\",\"item\":\"https:\\\/\\\/juntosporquilmes.com.ar\\\/inicio\\\/\"},{\"@type\":\"ListItem\",\"position\":2,\"name\":\"JUNTOS POR QUILMES EN LA INAUGURACI\u00d3N DEL CENTRO ISABEL PALLAMAY\"}]},{\"@type\":\"WebSite\",\"@id\":\"https:\\\/\\\/juntosporquilmes.com.ar\\\/inicio\\\/#website\",\"url\":\"https:\\\/\\\/juntosporquilmes.com.ar\\\/inicio\\\/\",\"name\":\"Juntos por Quilmes\",\"description\":\"Corriente Peronista Juntos por Quilmes\",\"publisher\":{\"@id\":\"https:\\\/\\\/juntosporquilmes.com.ar\\\/inicio\\\/#organization\"},\"potentialAction\":[{\"@type\":\"SearchAction\",\"target\":{\"@type\":\"EntryPoint\",\"urlTemplate\":\"https:\\\/\\\/juntosporquilmes.com.ar\\\/inicio\\\/?s={search_term_string}\"},\"query-input\":{\"@type\":\"PropertyValueSpecification\",\"valueRequired\":true,\"valueName\":\"search_term_string\"}}],\"inLanguage\":\"es\"},{\"@type\":\"Organization\",\"@id\":\"https:\\\/\\\/juntosporquilmes.com.ar\\\/inicio\\\/#organization\",\"name\":\"Corriente Peronista Juntos por Quilmes\",\"url\":\"https:\\\/\\\/juntosporquilmes.com.ar\\\/inicio\\\/\",\"logo\":{\"@type\":\"ImageObject\",\"inLanguage\":\"es\",\"@id\":\"https:\\\/\\\/juntosporquilmes.com.ar\\\/inicio\\\/#\\\/schema\\\/logo\\\/image\\\/\",\"url\":\"https:\\\/\\\/juntosporquilmes.com.ar\\\/inicio\\\/wp-content\\\/uploads\\\/2023\\\/06\\\/logo-jpq-2023-b.png\",\"contentUrl\":\"https:\\\/\\\/juntosporquilmes.com.ar\\\/inicio\\\/wp-content\\\/uploads\\\/2023\\\/06\\\/logo-jpq-2023-b.png\",\"width\":2332,\"height\":645,\"caption\":\"Corriente Peronista Juntos por Quilmes\"},\"image\":{\"@id\":\"https:\\\/\\\/juntosporquilmes.com.ar\\\/inicio\\\/#\\\/schema\\\/logo\\\/image\\\/\"},\"sameAs\":[\"https:\\\/\\\/www.facebook.com\\\/juntosxquilmes\\\/\",\"https:\\\/\\\/x.com\\\/JUNTOSXQUILMES\",\"https:\\\/\\\/www.instagram.com\\\/juntos_por_quilmes\\\/\"]},{\"@type\":\"Person\",\"@id\":\"https:\\\/\\\/juntosporquilmes.com.ar\\\/inicio\\\/#\\\/schema\\\/person\\\/92cffe5404a5f269643a19736afcca11\",\"name\":\"admin-vdb\",\"image\":{\"@type\":\"ImageObject\",\"inLanguage\":\"es\",\"@id\":\"https:\\\/\\\/secure.gravatar.com\\\/avatar\\\/a3bc68f4d20ac4e6b7246c64d9145e8058210e47d2e69a742e867048c31c224f?s=96&d=mm&r=g\",\"url\":\"https:\\\/\\\/secure.gravatar.com\\\/avatar\\\/a3bc68f4d20ac4e6b7246c64d9145e8058210e47d2e69a742e867048c31c224f?s=96&d=mm&r=g\",\"contentUrl\":\"https:\\\/\\\/secure.gravatar.com\\\/avatar\\\/a3bc68f4d20ac4e6b7246c64d9145e8058210e47d2e69a742e867048c31c224f?s=96&d=mm&r=g\",\"caption\":\"admin-vdb\"},\"sameAs\":[\"https:\\\/\\\/juntosporquilmes.com.ar\\\/inicio\"],\"url\":\"https:\\\/\\\/juntosporquilmes.com.ar\\\/inicio\\\/author\\\/admin-vdb\\\/\"}]}<\/script>\n<!-- \/ Yoast SEO plugin. -->","yoast_head_json":{"title":"JUNTOS POR QUILMES EN LA INAUGURACI\u00d3N DEL CENTRO ISABEL PALLAMAY - Juntos por Quilmes","robots":{"index":"index","follow":"follow","max-snippet":"max-snippet:-1","max-image-preview":"max-image-preview:large","max-video-preview":"max-video-preview:-1"},"canonical":"https:\/\/juntosporquilmes.com.ar\/inicio\/2022\/03\/juntos-por-quilmes-en-la-inauguracion-del-centro-isabel-pallamay\/","og_locale":"es_ES","og_type":"article","og_title":"JUNTOS POR QUILMES EN LA INAUGURACI\u00d3N DEL CENTRO ISABEL PALLAMAY - Juntos por Quilmes","og_description":"Integrantes de Juntos por Quilmes participaron este lunes de la inauguraci\u00f3n del nuevo Centro Territorial de Pol\u00edticas de G\u00e9nero \u201cIsabel Pallamay\u201d, cuyo acto estuvo encabezado por la intendenta Mayra Mendoza. (Ver nota completa) Adem\u00e1s estuvieron presente la ministra de las Mujeres, G\u00e9neros y Diversidad de la Naci\u00f3n, Elizabeth G\u00f3mez Alcorta, y su par de Obras [&hellip;]","og_url":"https:\/\/juntosporquilmes.com.ar\/inicio\/2022\/03\/juntos-por-quilmes-en-la-inauguracion-del-centro-isabel-pallamay\/","og_site_name":"Juntos por Quilmes","article_publisher":"https:\/\/www.facebook.com\/juntosxquilmes\/","article_published_time":"2022-03-28T21:15:00+00:00","article_modified_time":"2022-03-28T21:38:03+00:00","og_image":[{"width":1564,"height":1080,"url":"https:\/\/juntosporquilmes.com.ar\/inicio\/wp-content\/uploads\/2022\/03\/MARCE3.jpg","type":"image\/jpeg"}],"author":"admin-vdb","twitter_card":"summary_large_image","twitter_creator":"@JUNTOSXQUILMES","twitter_site":"@JUNTOSXQUILMES","schema":{"@context":"https:\/\/schema.org","@graph":[{"@type":"Article","@id":"https:\/\/juntosporquilmes.com.ar\/inicio\/2022\/03\/juntos-por-quilmes-en-la-inauguracion-del-centro-isabel-pallamay\/#article","isPartOf":{"@id":"https:\/\/juntosporquilmes.com.ar\/inicio\/2022\/03\/juntos-por-quilmes-en-la-inauguracion-del-centro-isabel-pallamay\/"},"author":{"name":"admin-vdb","@id":"https:\/\/juntosporquilmes.com.ar\/inicio\/#\/schema\/person\/92cffe5404a5f269643a19736afcca11"},"headline":"JUNTOS POR QUILMES EN LA INAUGURACI\u00d3N DEL CENTRO ISABEL PALLAMAY","datePublished":"2022-03-28T21:15:00+00:00","dateModified":"2022-03-28T21:38:03+00:00","mainEntityOfPage":{"@id":"https:\/\/juntosporquilmes.com.ar\/inicio\/2022\/03\/juntos-por-quilmes-en-la-inauguracion-del-centro-isabel-pallamay\/"},"wordCount":100,"commentCount":0,"publisher":{"@id":"https:\/\/juntosporquilmes.com.ar\/inicio\/#organization"},"image":{"@id":"https:\/\/juntosporquilmes.com.ar\/inicio\/2022\/03\/juntos-por-quilmes-en-la-inauguracion-del-centro-isabel-pallamay\/#primaryimage"},"thumbnailUrl":"https:\/\/juntosporquilmes.com.ar\/inicio\/wp-content\/uploads\/2022\/03\/MARCE3.jpg","articleSection":["MILITANCIA"],"inLanguage":"es","potentialAction":[{"@type":"CommentAction","name":"Comment","target":["https:\/\/juntosporquilmes.com.ar\/inicio\/2022\/03\/juntos-por-quilmes-en-la-inauguracion-del-centro-isabel-pallamay\/#respond"]}]},{"@type":"WebPage","@id":"https:\/\/juntosporquilmes.com.ar\/inicio\/2022\/03\/juntos-por-quilmes-en-la-inauguracion-del-centro-isabel-pallamay\/","url":"https:\/\/juntosporquilmes.com.ar\/inicio\/2022\/03\/juntos-por-quilmes-en-la-inauguracion-del-centro-isabel-pallamay\/","name":"JUNTOS POR QUILMES EN LA INAUGURACI\u00d3N DEL CENTRO ISABEL PALLAMAY - Juntos por Quilmes","isPartOf":{"@id":"https:\/\/juntosporquilmes.com.ar\/inicio\/#website"},"primaryImageOfPage":{"@id":"https:\/\/juntosporquilmes.com.ar\/inicio\/2022\/03\/juntos-por-quilmes-en-la-inauguracion-del-centro-isabel-pallamay\/#primaryimage"},"image":{"@id":"https:\/\/juntosporquilmes.com.ar\/inicio\/2022\/03\/juntos-por-quilmes-en-la-inauguracion-del-centro-isabel-pallamay\/#primaryimage"},"thumbnailUrl":"https:\/\/juntosporquilmes.com.ar\/inicio\/wp-content\/uploads\/2022\/03\/MARCE3.jpg","datePublished":"2022-03-28T21:15:00+00:00","dateModified":"2022-03-28T21:38:03+00:00","breadcrumb":{"@id":"https:\/\/juntosporquilmes.com.ar\/inicio\/2022\/03\/juntos-por-quilmes-en-la-inauguracion-del-centro-isabel-pallamay\/#breadcrumb"},"inLanguage":"es","potentialAction":[{"@type":"ReadAction","target":["https:\/\/juntosporquilmes.com.ar\/inicio\/2022\/03\/juntos-por-quilmes-en-la-inauguracion-del-centro-isabel-pallamay\/"]}]},{"@type":"ImageObject","inLanguage":"es","@id":"https:\/\/juntosporquilmes.com.ar\/inicio\/2022\/03\/juntos-por-quilmes-en-la-inauguracion-del-centro-isabel-pallamay\/#primaryimage","url":"https:\/\/juntosporquilmes.com.ar\/inicio\/wp-content\/uploads\/2022\/03\/MARCE3.jpg","contentUrl":"https:\/\/juntosporquilmes.com.ar\/inicio\/wp-content\/uploads\/2022\/03\/MARCE3.jpg","width":1564,"height":1080},{"@type":"BreadcrumbList","@id":"https:\/\/juntosporquilmes.com.ar\/inicio\/2022\/03\/juntos-por-quilmes-en-la-inauguracion-del-centro-isabel-pallamay\/#breadcrumb","itemListElement":[{"@type":"ListItem","position":1,"name":"Portada","item":"https:\/\/juntosporquilmes.com.ar\/inicio\/"},{"@type":"ListItem","position":2,"name":"JUNTOS POR QUILMES EN LA INAUGURACI\u00d3N DEL CENTRO ISABEL PALLAMAY"}]},{"@type":"WebSite","@id":"https:\/\/juntosporquilmes.com.ar\/inicio\/#website","url":"https:\/\/juntosporquilmes.com.ar\/inicio\/","name":"Juntos por Quilmes","description":"Corriente Peronista Juntos por Quilmes","publisher":{"@id":"https:\/\/juntosporquilmes.com.ar\/inicio\/#organization"},"potentialAction":[{"@type":"SearchAction","target":{"@type":"EntryPoint","urlTemplate":"https:\/\/juntosporquilmes.com.ar\/inicio\/?s={search_term_string}"},"query-input":{"@type":"PropertyValueSpecification","valueRequired":true,"valueName":"search_term_string"}}],"inLanguage":"es"},{"@type":"Organization","@id":"https:\/\/juntosporquilmes.com.ar\/inicio\/#organization","name":"Corriente Peronista Juntos por Quilmes","url":"https:\/\/juntosporquilmes.com.ar\/inicio\/","logo":{"@type":"ImageObject","inLanguage":"es","@id":"https:\/\/juntosporquilmes.com.ar\/inicio\/#\/schema\/logo\/image\/","url":"https:\/\/juntosporquilmes.com.ar\/inicio\/wp-content\/uploads\/2023\/06\/logo-jpq-2023-b.png","contentUrl":"https:\/\/juntosporquilmes.com.ar\/inicio\/wp-content\/uploads\/2023\/06\/logo-jpq-2023-b.png","width":2332,"height":645,"caption":"Corriente Peronista Juntos por Quilmes"},"image":{"@id":"https:\/\/juntosporquilmes.com.ar\/inicio\/#\/schema\/logo\/image\/"},"sameAs":["https:\/\/www.facebook.com\/juntosxquilmes\/","https:\/\/x.com\/JUNTOSXQUILMES","https:\/\/www.instagram.com\/juntos_por_quilmes\/"]},{"@type":"Person","@id":"https:\/\/juntosporquilmes.com.ar\/inicio\/#\/schema\/person\/92cffe5404a5f269643a19736afcca11","name":"admin-vdb","image":{"@type":"ImageObject","inLanguage":"es","@id":"https:\/\/secure.gravatar.com\/avatar\/a3bc68f4d20ac4e6b7246c64d9145e8058210e47d2e69a742e867048c31c224f?s=96&d=mm&r=g","url":"https:\/\/secure.gravatar.com\/avatar\/a3bc68f4d20ac4e6b7246c64d9145e8058210e47d2e69a742e867048c31c224f?s=96&d=mm&r=g","contentUrl":"https:\/\/secure.gravatar.com\/avatar\/a3bc68f4d20ac4e6b7246c64d9145e8058210e47d2e69a742e867048c31c224f?s=96&d=mm&r=g","caption":"admin-vdb"},"sameAs":["https:\/\/juntosporquilmes.com.ar\/inicio"],"url":"https:\/\/juntosporquilmes.com.ar\/inicio\/author\/admin-vdb\/"}]}},"_links":{"self":[{"href":"https:\/\/juntosporquilmes.com.ar\/inicio\/wp-json\/wp\/v2\/posts\/2488","targetHints":{"allow":["GET"]}}],"collection":[{"href":"https:\/\/juntosporquilmes.com.ar\/inicio\/wp-json\/wp\/v2\/posts"}],"about":[{"href":"https:\/\/juntosporquilmes.com.ar\/inicio\/wp-json\/wp\/v2\/types\/post"}],"author":[{"embeddable":true,"href":"https:\/\/juntosporquilmes.com.ar\/inicio\/wp-json\/wp\/v2\/users\/1"}],"replies":[{"embeddable":true,"href":"https:\/\/juntosporquilmes.com.ar\/inicio\/wp-json\/wp\/v2\/comments?post=2488"}],"version-history":[{"count":5,"href":"https:\/\/juntosporquilmes.com.ar\/inicio\/wp-json\/wp\/v2\/posts\/2488\/revisions"}],"predecessor-version":[{"id":2495,"href":"https:\/\/juntosporquilmes.com.ar\/inicio\/wp-json\/wp\/v2\/posts\/2488\/revisions\/2495"}],"wp:featuredmedia":[{"embeddable":true,"href":"https:\/\/juntosporquilmes.com.ar\/inicio\/wp-json\/wp\/v2\/media\/2492"}],"wp:attachment":[{"href":"https:\/\/juntosporquilmes.com.ar\/inicio\/wp-json\/wp\/v2\/media?parent=2488"}],"wp:term":[{"taxonomy":"category","embeddable":true,"href":"https:\/\/juntosporquilmes.com.ar\/inicio\/wp-json\/wp\/v2\/categories?post=2488"},{"taxonomy":"post_tag","embeddable":true,"href":"https:\/\/juntosporquilmes.com.ar\/inicio\/wp-json\/wp\/v2\/tags?post=2488"}],"curies":[{"name":"wp","href":"https:\/\/api.w.org\/{rel}","templated":true}]}}